{"id":5237,"date":"2025-06-04T10:11:42","date_gmt":"2025-06-04T10:11:42","guid":{"rendered":"https:\/\/www.gfmfotovoltaica.com\/?p=5237"},"modified":"2025-06-04T11:18:16","modified_gmt":"2025-06-04T11:18:16","slug":"gfm-celebre-son-25e-anniversaire-en-reaffirmant-son-engagement-dans-le-secteur-des-energies-renouvelables","status":"publish","type":"post","link":"https:\/\/www.gfmfotovoltaica.com\/fr\/bloguer\/gfm-celebre-son-25e-anniversaire-en-reaffirmant-son-engagement-dans-le-secteur-des-energies-renouvelables\/","title":{"rendered":"GFM c\u00e9l\u00e8bre son 25e anniversaire en r\u00e9affirmant son engagement dans le secteur des \u00e9nergies renouvelables."},"content":{"rendered":"<p><div class=\"fusion-fullwidth fullwidth-box fusion-builder-row-1 fusion-flex-container has-pattern-background has-mask-background nonhundred-percent-fullwidth non-hundred-percent-height-scrolling\" style=\"--awb-border-radius-top-left:0px;--awb-border-radius-top-right:0px;--awb-border-radius-bottom-right:0px;--awb-border-radius-bottom-left:0px;--awb-padding-top:0px;--awb-padding-right:0px;--awb-padding-left:0px;--awb-flex-wrap:wrap;\" ><div class=\"fusion-builder-row fusion-row fusion-flex-align-items-flex-start fusion-flex-content-wrap\" style=\"max-width:1456px;margin-left: calc(-4% \/ 2 );margin-right: calc(-4% \/ 2 );\"><div class=\"fusion-layout-column fusion_builder_column fusion-builder-column-0 fusion_builder_column_1_1 1_1 fusion-flex-column\" style=\"--awb-bg-size:cover;--awb-width-large:100%;--awb-margin-top-large:0px;--awb-spacing-right-large:1.92%;--awb-margin-bottom-large:20px;--awb-spacing-left-large:1.92%;--awb-width-medium:100%;--awb-order-medium:0;--awb-spacing-right-medium:1.92%;--awb-spacing-left-medium:1.92%;--awb-width-small:100%;--awb-order-small:0;--awb-spacing-right-small:1.92%;--awb-spacing-left-small:1.92%;\"><div class=\"fusion-column-wrapper fusion-column-has-shadow fusion-flex-justify-content-flex-start fusion-content-layout-column\"><div class=\"fusion-text fusion-text-1\"><p data-start=\"72\" data-end=\"271\"><strong data-start=\"72\" data-end=\"115\">Generaciones Fotovoltaicas de la Mancha<\/strong> a c\u00e9l\u00e9br\u00e9 son 25e anniversaire le jeudi 29 mai, r\u00e9affirmant son engagement envers l&rsquo;innovation et le leadership dans le domaine des \u00e9nergies renouvelables.<\/p>\n<p data-start=\"273\" data-end=\"617\">L&rsquo;\u00e9v\u00e9nement, anim\u00e9 par la journaliste originaire de La Manche, <strong data-start=\"336\" data-end=\"353\">Marina Moreno<\/strong>, a r\u00e9uni les <strong data-start=\"367\" data-end=\"411\">fondateurs et dirigeants de l\u2019entreprise<\/strong> \u2014 Francisco Comendador, Vicente Maqueda et Javier Bustos \u2014 ainsi que le maire de <strong data-start=\"493\" data-end=\"507\">Villaca\u00f1as<\/strong>, <strong data-start=\"509\" data-end=\"533\">Juan \u00c1ngel Almonacid<\/strong>, et le directeur g\u00e9n\u00e9ral de la transition \u00e9nerg\u00e9tique, <strong data-start=\"589\" data-end=\"616\">Alipio Garc\u00eda Rodr\u00edguez<\/strong>.<\/p>\n<p data-start=\"619\" data-end=\"1002\">Dans son discours, <strong data-start=\"638\" data-end=\"655\">Javier Bustos<\/strong> a reconnu que l\u2019atteinte de ces 25 ann\u00e9es d\u2019existence n\u2019avait pas \u00e9t\u00e9 facile, marqu\u00e9e par des \u00ab\u202fbons et mauvais moments\u202f\u00bb. Il a soulign\u00e9 l&rsquo;engagement fort de l&rsquo;entreprise en faveur de la <strong data-start=\"843\" data-end=\"901\">recherche, du d\u00e9veloppement et de l&rsquo;innovation (R&amp;D&amp;I)<\/strong>, ce qui lui a permis de conserver son ind\u00e9pendance en mati\u00e8re de produit et de pr\u00e9server les acquis.<\/p>\n<p data-start=\"1004\" data-end=\"1228\">Il n\u2019a pas manqu\u00e9 de remercier le soutien re\u00e7u de l&rsquo;administration r\u00e9gionale, ainsi que l&rsquo;effort et le travail de toutes les personnes qui composent GFM, \u00ab\u202fune \u00e9quipe humaine gr\u00e2ce \u00e0 laquelle nous sommes arriv\u00e9s jusqu\u2019ici\u202f\u00bb.<\/p>\n<p data-start=\"1230\" data-end=\"1370\"><strong data-start=\"1230\" data-end=\"1249\">Vicente Maqueda<\/strong> s\u2019est dit heureux d\u2019avoir atteint ce cap, et enthousiaste \u00e0 l\u2019id\u00e9e de pouvoir c\u00e9l\u00e9brer encore 25 ann\u00e9es suppl\u00e9mentaires.<\/p>\n<p data-start=\"1372\" data-end=\"1678\"><strong data-start=\"1372\" data-end=\"1396\">Francisco Comendador<\/strong> a rappel\u00e9 que GFM est \u00ab\u202fl\u2019histoire de deux amis qui ont d\u00e9cid\u00e9 de cr\u00e9er une entreprise, sans rien y conna\u00eetre\u202f\u00bb, et a tenu \u00e0 remercier \u00ab\u202fl\u2019effort et la d\u00e9votion\u202f\u00bb de tous les employ\u00e9s pass\u00e9s par GFM au cours de ces 25 ann\u00e9es, affirmant que \u00ab\u202fsans eux, rien n\u2019aurait \u00e9t\u00e9 possible\u202f\u00bb.<\/p>\n<p data-start=\"1680\" data-end=\"1881\">Il a \u00e9galement exprim\u00e9 sa gratitude pour la confiance des clients, ainsi que pour l\u2019aide et l\u2019engagement des fournisseurs et de toutes les personnes qui ont collabor\u00e9 au projet \u00e0 un moment ou un autre.<\/p>\n<p data-start=\"1883\" data-end=\"2153\"><strong data-start=\"1883\" data-end=\"1907\">Juan \u00c1ngel Almonacid<\/strong>, maire de Villaca\u00f1as, a d\u00e9clar\u00e9 que le fait que GFM f\u00eate un quart de si\u00e8cle \u00ab\u202fn\u2019est pas le fruit du hasard, mais le r\u00e9sultat d\u2019un travail bien fait, d\u2019une vision d\u2019avenir et d\u2019un engagement ferme en faveur d\u2019un mod\u00e8le de d\u00e9veloppement durable\u202f\u00bb.<\/p>\n<p data-start=\"2155\" data-end=\"2580\">Le maire a remerci\u00e9 l\u2019entreprise d\u2019avoir choisi sa commune comme point de d\u00e9part du projet, \u00ab\u202fen construisant un chemin solide et engag\u00e9 au c\u0153ur de notre terre\u202f\u00bb. Pour Almonacid, GFM repr\u00e9sente \u00ab\u202fle meilleur\u202f\u00bb de l\u2019esprit entrepreneurial de La Manche, avec un capital 100 % castillan-manchego, \u00ab\u202fd\u00e9montrant que depuis nos villages, il est possible de mener des projets de pointe avec un engagement clair pour notre plan\u00e8te\u202f\u00bb.<\/p>\n<p data-start=\"2582\" data-end=\"3115\">Enfin, <strong data-start=\"2589\" data-end=\"2616\">Alipio Garc\u00eda Rodr\u00edguez<\/strong>, directeur g\u00e9n\u00e9ral de la transition \u00e9nerg\u00e9tique de la Junte de Castille-La Manche, a soulign\u00e9 que GFM est l\u2019une des entreprises dont le gouvernement r\u00e9gional est \u00ab\u202ffier\u202f\u00bb, pour sa <strong data-start=\"2797\" data-end=\"2836\">dynamique, sa capacit\u00e9 d\u2019adaptation<\/strong> et sa <strong data-start=\"2843\" data-end=\"2874\">sensibilit\u00e9 \u00e0 la durabilit\u00e9<\/strong>. Il a \u00e9galement mis en avant le \u00ab\u202fgrand travail\u202f\u00bb r\u00e9alis\u00e9 par GFM \u00e0 travers la <strong data-start=\"2954\" data-end=\"2971\">Fondation GFM<\/strong>, insistant sur le fait que l\u2019entreprise est devenue \u00ab\u202fune r\u00e9f\u00e9rence r\u00e9gionale et nationale\u202f\u00bb, avec une <strong data-start=\"3075\" data-end=\"3114\">dimension internationale croissante<\/strong><\/p>\n<\/div><div class=\"awb-gallery-wrapper awb-gallery-wrapper-1 button-span-no\" style=\"--more-btn-alignment:center;\"><div style=\"margin:-5px;--awb-bordersize:0px;\" class=\"fusion-gallery fusion-gallery-container fusion-grid-3 fusion-columns-total-37 fusion-gallery-layout-grid fusion-gallery-1\"><div style=\"padding:5px;\" class=\"fusion-grid-column fusion-gallery-column fusion-gallery-column-3 hover-type-none\"><div class=\"fusion-gallery-image\"><a href=\"https:\/\/www.gfmfotovoltaica.com\/wp-content\/uploads\/2025\/06\/WhatsApp-Image-2025-06-03-at-12.58.43.jpeg\" rel=\"noreferrer\" data-rel=\"iLightbox[gallery_image_1]\" class=\"fusion-lightbox\" target=\"_self\"><img decoding=\"async\" src=\"https:\/\/www.gfmfotovoltaica.com\/wp-content\/uploads\/2025\/06\/WhatsApp-Image-2025-06-03-at-12.58.43.jpeg\" data-orig-src=\"https:\/\/www.gfmfotovoltaica.com\/wp-content\/uploads\/2025\/06\/WhatsApp-Image-2025-06-03-at-12.58.43.jpeg\" width=\"2048\" height=\"1536\" alt=\"\" title=\"WhatsApp Image 2025-06-03 at 12.58.43\" aria-label=\"WhatsApp Image 2025-06-03 at 12.58.43\" class=\"lazyload img-responsive wp-image-5215\" srcset=\"data:image\/svg+xml,%3Csvg%20xmlns%3D%27http%3A%2F%2Fwww.w3.org%2F2000%2Fsvg%27%20width%3D%272048%27%20height%3D%271536%27%20viewBox%3D%270%200%202048%201536%27%3E%3Crect%20width%3D%272048%27%20height%3D%271536%27%20fill-opacity%3D%220%22%2F%3E%3C%2Fsvg%3E\" data-srcset=\"https:\/\/www.gfmfotovoltaica.com\/wp-content\/uploads\/2025\/06\/WhatsApp-Image-2025-06-03-at-12.58.43-200x150.jpeg 200w, https:\/\/www.gfmfotovoltaica.com\/wp-content\/uploads\/2025\/06\/WhatsApp-Image-2025-06-03-at-12.58.43-400x300.jpeg 400w, https:\/\/www.gfmfotovoltaica.com\/wp-content\/uploads\/2025\/06\/WhatsApp-Image-2025-06-03-at-12.58.43-600x450.jpeg 600w, https:\/\/www.gfmfotovoltaica.com\/wp-content\/uploads\/2025\/06\/WhatsApp-Image-2025-06-03-at-12.58.43-800x600.jpeg 800w, https:\/\/www.gfmfotovoltaica.com\/wp-content\/uploads\/2025\/06\/WhatsApp-Image-2025-06-03-at-12.58.43-1200x900.jpeg 1200w, https:\/\/www.gfmfotovoltaica.com\/wp-content\/uploads\/2025\/06\/WhatsApp-Image-2025-06-03-at-12.58.43.jpeg 2048w\" data-sizes=\"auto\" data-orig-sizes=\"(min-width: 2200px) 100vw, (min-width: 784px) 463px, (min-width: 712px) 695px, (min-width: 640px) 712px, \" \/><\/a><\/div><\/div><div style=\"padding:5px;\" class=\"fusion-grid-column fusion-gallery-column fusion-gallery-column-3 hover-type-none\"><div class=\"fusion-gallery-image\"><a href=\"https:\/\/www.gfmfotovoltaica.com\/wp-content\/uploads\/2025\/06\/DSC5617-scaled.jpg\" rel=\"noreferrer\" data-rel=\"iLightbox[gallery_image_1]\" class=\"fusion-lightbox\" target=\"_self\"><img decoding=\"async\" src=\"https:\/\/www.gfmfotovoltaica.com\/wp-content\/uploads\/2025\/06\/DSC5617-scaled.jpg\" data-orig-src=\"https:\/\/www.gfmfotovoltaica.com\/wp-content\/uploads\/2025\/06\/DSC5617-scaled.jpg\" width=\"2560\" height=\"1707\" alt=\"\" title=\"_DSC5617\" aria-label=\"_DSC5617\" class=\"lazyload img-responsive wp-image-5098\" srcset=\"data:image\/svg+xml,%3Csvg%20xmlns%3D%27http%3A%2F%2Fwww.w3.org%2F2000%2Fsvg%27%20width%3D%272560%27%20height%3D%271707%27%20viewBox%3D%270%200%202560%201707%27%3E%3Crect%20width%3D%272560%27%20height%3D%271707%27%20fill-opacity%3D%220%22%2F%3E%3C%2Fsvg%3E\" data-srcset=\"https:\/\/www.gfmfotovoltaica.com\/wp-content\/uploads\/2025\/06\/DSC5617-200x133.jpg 200w, https:\/\/www.gfmfotovoltaica.com\/wp-content\/uploads\/2025\/06\/DSC5617-400x267.jpg 400w, https:\/\/www.gfmfotovoltaica.com\/wp-content\/uploads\/2025\/06\/DSC5617-600x400.jpg 600w, https:\/\/www.gfmfotovoltaica.com\/wp-content\/uploads\/2025\/06\/DSC5617-800x533.jpg 800w, https:\/\/www.gfmfotovoltaica.com\/wp-content\/uploads\/2025\/06\/DSC5617-1200x800.jpg 1200w, https:\/\/www.gfmfotovoltaica.com\/wp-content\/uploads\/2025\/06\/DSC5617-scaled.jpg 2560w\" data-sizes=\"auto\" data-orig-sizes=\"(min-width: 2200px) 100vw, (min-width: 784px) 463px, (min-width: 712px) 695px, (min-width: 640px) 712px, \" \/><\/a><\/div><\/div><div style=\"padding:5px;\" class=\"fusion-grid-column fusion-gallery-column fusion-gallery-column-3 hover-type-none\"><div class=\"fusion-gallery-image\"><a href=\"https:\/\/www.gfmfotovoltaica.com\/wp-content\/uploads\/2025\/06\/DSC5590-scaled.jpg\" rel=\"noreferrer\" data-rel=\"iLightbox[gallery_image_1]\" class=\"fusion-lightbox\" target=\"_self\"><img decoding=\"async\" src=\"https:\/\/www.gfmfotovoltaica.com\/wp-content\/uploads\/2025\/06\/DSC5590-scaled.jpg\" data-orig-src=\"https:\/\/www.gfmfotovoltaica.com\/wp-content\/uploads\/2025\/06\/DSC5590-scaled.jpg\" width=\"1707\" height=\"2560\" alt=\"\" title=\"_DSC5590\" aria-label=\"_DSC5590\" class=\"lazyload img-responsive wp-image-5101\" srcset=\"data:image\/svg+xml,%3Csvg%20xmlns%3D%27http%3A%2F%2Fwww.w3.org%2F2000%2Fsvg%27%20width%3D%271707%27%20height%3D%272560%27%20viewBox%3D%270%200%201707%202560%27%3E%3Crect%20width%3D%271707%27%20height%3D%272560%27%20fill-opacity%3D%220%22%2F%3E%3C%2Fsvg%3E\" data-srcset=\"https:\/\/www.gfmfotovoltaica.com\/wp-content\/uploads\/2025\/06\/DSC5590-200x300.jpg 200w, https:\/\/www.gfmfotovoltaica.com\/wp-content\/uploads\/2025\/06\/DSC5590-400x600.jpg 400w, https:\/\/www.gfmfotovoltaica.com\/wp-content\/uploads\/2025\/06\/DSC5590-600x900.jpg 600w, https:\/\/www.gfmfotovoltaica.com\/wp-content\/uploads\/2025\/06\/DSC5590-800x1200.jpg 800w, https:\/\/www.gfmfotovoltaica.com\/wp-content\/uploads\/2025\/06\/DSC5590-1200x1800.jpg 1200w, https:\/\/www.gfmfotovoltaica.com\/wp-content\/uploads\/2025\/06\/DSC5590-scaled.jpg 1707w\" data-sizes=\"auto\" data-orig-sizes=\"(min-width: 2200px) 100vw, (min-width: 784px) 463px, (min-width: 712px) 695px, (min-width: 640px) 712px, \" \/><\/a><\/div><\/div><div class=\"clearfix\"><\/div><div style=\"padding:5px;\" class=\"fusion-grid-column fusion-gallery-column fusion-gallery-column-3 hover-type-none\"><div class=\"fusion-gallery-image\"><a href=\"https:\/\/www.gfmfotovoltaica.com\/wp-content\/uploads\/2025\/06\/DSC5672-1-scaled.jpg\" rel=\"noreferrer\" data-rel=\"iLightbox[gallery_image_1]\" class=\"fusion-lightbox\" target=\"_self\"><img decoding=\"async\" src=\"https:\/\/www.gfmfotovoltaica.com\/wp-content\/uploads\/2025\/06\/DSC5672-1-scaled.jpg\" data-orig-src=\"https:\/\/www.gfmfotovoltaica.com\/wp-content\/uploads\/2025\/06\/DSC5672-1-scaled.jpg\" width=\"1707\" height=\"2560\" alt=\"\" title=\"_DSC5672\" aria-label=\"_DSC5672\" class=\"lazyload img-responsive wp-image-5143\" srcset=\"data:image\/svg+xml,%3Csvg%20xmlns%3D%27http%3A%2F%2Fwww.w3.org%2F2000%2Fsvg%27%20width%3D%271707%27%20height%3D%272560%27%20viewBox%3D%270%200%201707%202560%27%3E%3Crect%20width%3D%271707%27%20height%3D%272560%27%20fill-opacity%3D%220%22%2F%3E%3C%2Fsvg%3E\" data-srcset=\"https:\/\/www.gfmfotovoltaica.com\/wp-content\/uploads\/2025\/06\/DSC5672-1-200x300.jpg 200w, https:\/\/www.gfmfotovoltaica.com\/wp-content\/uploads\/2025\/06\/DSC5672-1-400x600.jpg 400w, https:\/\/www.gfmfotovoltaica.com\/wp-content\/uploads\/2025\/06\/DSC5672-1-600x900.jpg 600w, https:\/\/www.gfmfotovoltaica.com\/wp-content\/uploads\/2025\/06\/DSC5672-1-800x1200.jpg 800w, https:\/\/www.gfmfotovoltaica.com\/wp-content\/uploads\/2025\/06\/DSC5672-1-1200x1800.jpg 1200w, https:\/\/www.gfmfotovoltaica.com\/wp-content\/uploads\/2025\/06\/DSC5672-1-scaled.jpg 1707w\" data-sizes=\"auto\" data-orig-sizes=\"(min-width: 2200px) 100vw, (min-width: 784px) 463px, (min-width: 712px) 695px, (min-width: 640px) 712px, \" \/><\/a><\/div><\/div><div style=\"padding:5px;\" class=\"fusion-grid-column fusion-gallery-column fusion-gallery-column-3 hover-type-none\"><div class=\"fusion-gallery-image\"><a href=\"https:\/\/www.gfmfotovoltaica.com\/wp-content\/uploads\/2025\/06\/DSC5690-scaled.jpg\" rel=\"noreferrer\" data-rel=\"iLightbox[gallery_image_1]\" class=\"fusion-lightbox\" target=\"_self\"><img decoding=\"async\" src=\"https:\/\/www.gfmfotovoltaica.com\/wp-content\/uploads\/2025\/06\/DSC5690-scaled.jpg\" data-orig-src=\"https:\/\/www.gfmfotovoltaica.com\/wp-content\/uploads\/2025\/06\/DSC5690-scaled.jpg\" width=\"1707\" height=\"2560\" alt=\"\" title=\"_DSC5690\" aria-label=\"_DSC5690\" class=\"lazyload img-responsive wp-image-5140\" srcset=\"data:image\/svg+xml,%3Csvg%20xmlns%3D%27http%3A%2F%2Fwww.w3.org%2F2000%2Fsvg%27%20width%3D%271707%27%20height%3D%272560%27%20viewBox%3D%270%200%201707%202560%27%3E%3Crect%20width%3D%271707%27%20height%3D%272560%27%20fill-opacity%3D%220%22%2F%3E%3C%2Fsvg%3E\" data-srcset=\"https:\/\/www.gfmfotovoltaica.com\/wp-content\/uploads\/2025\/06\/DSC5690-200x300.jpg 200w, https:\/\/www.gfmfotovoltaica.com\/wp-content\/uploads\/2025\/06\/DSC5690-400x600.jpg 400w, https:\/\/www.gfmfotovoltaica.com\/wp-content\/uploads\/2025\/06\/DSC5690-600x900.jpg 600w, https:\/\/www.gfmfotovoltaica.com\/wp-content\/uploads\/2025\/06\/DSC5690-800x1200.jpg 800w, https:\/\/www.gfmfotovoltaica.com\/wp-content\/uploads\/2025\/06\/DSC5690-1200x1800.jpg 1200w, https:\/\/www.gfmfotovoltaica.com\/wp-content\/uploads\/2025\/06\/DSC5690-scaled.jpg 1707w\" data-sizes=\"auto\" data-orig-sizes=\"(min-width: 2200px) 100vw, (min-width: 784px) 463px, (min-width: 712px) 695px, (min-width: 640px) 712px, \" \/><\/a><\/div><\/div><div style=\"padding:5px;\" class=\"fusion-grid-column fusion-gallery-column fusion-gallery-column-3 hover-type-none\"><div class=\"fusion-gallery-image\"><a href=\"https:\/\/www.gfmfotovoltaica.com\/wp-content\/uploads\/2025\/06\/DSC5736-scaled.jpg\" rel=\"noreferrer\" data-rel=\"iLightbox[gallery_image_1]\" class=\"fusion-lightbox\" target=\"_self\"><img decoding=\"async\" src=\"https:\/\/www.gfmfotovoltaica.com\/wp-content\/uploads\/2025\/06\/DSC5736-scaled.jpg\" data-orig-src=\"https:\/\/www.gfmfotovoltaica.com\/wp-content\/uploads\/2025\/06\/DSC5736-scaled.jpg\" width=\"1707\" height=\"2560\" alt=\"\" title=\"_DSC5736\" aria-label=\"_DSC5736\" class=\"lazyload img-responsive wp-image-5146\" srcset=\"data:image\/svg+xml,%3Csvg%20xmlns%3D%27http%3A%2F%2Fwww.w3.org%2F2000%2Fsvg%27%20width%3D%271707%27%20height%3D%272560%27%20viewBox%3D%270%200%201707%202560%27%3E%3Crect%20width%3D%271707%27%20height%3D%272560%27%20fill-opacity%3D%220%22%2F%3E%3C%2Fsvg%3E\" data-srcset=\"https:\/\/www.gfmfotovoltaica.com\/wp-content\/uploads\/2025\/06\/DSC5736-200x300.jpg 200w, https:\/\/www.gfmfotovoltaica.com\/wp-content\/uploads\/2025\/06\/DSC5736-400x600.jpg 400w, https:\/\/www.gfmfotovoltaica.com\/wp-content\/uploads\/2025\/06\/DSC5736-600x900.jpg 600w, https:\/\/www.gfmfotovoltaica.com\/wp-content\/uploads\/2025\/06\/DSC5736-800x1200.jpg 800w, https:\/\/www.gfmfotovoltaica.com\/wp-content\/uploads\/2025\/06\/DSC5736-1200x1800.jpg 1200w, https:\/\/www.gfmfotovoltaica.com\/wp-content\/uploads\/2025\/06\/DSC5736-scaled.jpg 1707w\" data-sizes=\"auto\" data-orig-sizes=\"(min-width: 2200px) 100vw, (min-width: 784px) 463px, (min-width: 712px) 695px, (min-width: 640px) 712px, \" \/><\/a><\/div><\/div><div class=\"clearfix\"><\/div><div style=\"padding:5px;\" class=\"fusion-grid-column fusion-gallery-column fusion-gallery-column-3 hover-type-none\"><div class=\"fusion-gallery-image\"><a href=\"https:\/\/www.gfmfotovoltaica.com\/wp-content\/uploads\/2025\/06\/DSC5760-scaled.jpg\" rel=\"noreferrer\" data-rel=\"iLightbox[gallery_image_1]\" class=\"fusion-lightbox\" target=\"_self\"><img decoding=\"async\" src=\"https:\/\/www.gfmfotovoltaica.com\/wp-content\/uploads\/2025\/06\/DSC5760-scaled.jpg\" data-orig-src=\"https:\/\/www.gfmfotovoltaica.com\/wp-content\/uploads\/2025\/06\/DSC5760-scaled.jpg\" width=\"2560\" height=\"1707\" alt=\"\" title=\"_DSC5760\" aria-label=\"_DSC5760\" class=\"lazyload img-responsive wp-image-5149\" srcset=\"data:image\/svg+xml,%3Csvg%20xmlns%3D%27http%3A%2F%2Fwww.w3.org%2F2000%2Fsvg%27%20width%3D%272560%27%20height%3D%271707%27%20viewBox%3D%270%200%202560%201707%27%3E%3Crect%20width%3D%272560%27%20height%3D%271707%27%20fill-opacity%3D%220%22%2F%3E%3C%2Fsvg%3E\" data-srcset=\"https:\/\/www.gfmfotovoltaica.com\/wp-content\/uploads\/2025\/06\/DSC5760-200x133.jpg 200w, https:\/\/www.gfmfotovoltaica.com\/wp-content\/uploads\/2025\/06\/DSC5760-400x267.jpg 400w, https:\/\/www.gfmfotovoltaica.com\/wp-content\/uploads\/2025\/06\/DSC5760-600x400.jpg 600w, https:\/\/www.gfmfotovoltaica.com\/wp-content\/uploads\/2025\/06\/DSC5760-800x533.jpg 800w, https:\/\/www.gfmfotovoltaica.com\/wp-content\/uploads\/2025\/06\/DSC5760-1200x800.jpg 1200w, https:\/\/www.gfmfotovoltaica.com\/wp-content\/uploads\/2025\/06\/DSC5760-scaled.jpg 2560w\" data-sizes=\"auto\" data-orig-sizes=\"(min-width: 2200px) 100vw, (min-width: 784px) 463px, (min-width: 712px) 695px, (min-width: 640px) 712px, \" \/><\/a><\/div><\/div><div style=\"padding:5px;\" class=\"fusion-grid-column fusion-gallery-column fusion-gallery-column-3 hover-type-none\"><div class=\"fusion-gallery-image\"><a href=\"https:\/\/www.gfmfotovoltaica.com\/wp-content\/uploads\/2025\/06\/DSC5604-scaled.jpg\" rel=\"noreferrer\" data-rel=\"iLightbox[gallery_image_1]\" class=\"fusion-lightbox\" target=\"_self\"><img decoding=\"async\" src=\"https:\/\/www.gfmfotovoltaica.com\/wp-content\/uploads\/2025\/06\/DSC5604-scaled.jpg\" data-orig-src=\"https:\/\/www.gfmfotovoltaica.com\/wp-content\/uploads\/2025\/06\/DSC5604-scaled.jpg\" width=\"2560\" height=\"1707\" alt=\"\" title=\"_DSC5604\" aria-label=\"_DSC5604\" class=\"lazyload img-responsive wp-image-5128\" srcset=\"data:image\/svg+xml,%3Csvg%20xmlns%3D%27http%3A%2F%2Fwww.w3.org%2F2000%2Fsvg%27%20width%3D%272560%27%20height%3D%271707%27%20viewBox%3D%270%200%202560%201707%27%3E%3Crect%20width%3D%272560%27%20height%3D%271707%27%20fill-opacity%3D%220%22%2F%3E%3C%2Fsvg%3E\" data-srcset=\"https:\/\/www.gfmfotovoltaica.com\/wp-content\/uploads\/2025\/06\/DSC5604-200x133.jpg 200w, https:\/\/www.gfmfotovoltaica.com\/wp-content\/uploads\/2025\/06\/DSC5604-400x267.jpg 400w, https:\/\/www.gfmfotovoltaica.com\/wp-content\/uploads\/2025\/06\/DSC5604-600x400.jpg 600w, https:\/\/www.gfmfotovoltaica.com\/wp-content\/uploads\/2025\/06\/DSC5604-800x533.jpg 800w, https:\/\/www.gfmfotovoltaica.com\/wp-content\/uploads\/2025\/06\/DSC5604-1200x800.jpg 1200w, https:\/\/www.gfmfotovoltaica.com\/wp-content\/uploads\/2025\/06\/DSC5604-scaled.jpg 2560w\" data-sizes=\"auto\" data-orig-sizes=\"(min-width: 2200px) 100vw, (min-width: 784px) 463px, (min-width: 712px) 695px, (min-width: 640px) 712px, \" \/><\/a><\/div><\/div><div style=\"padding:5px;\" class=\"fusion-grid-column fusion-gallery-column fusion-gallery-column-3 hover-type-none\"><div class=\"fusion-gallery-image\"><a href=\"https:\/\/www.gfmfotovoltaica.com\/wp-content\/uploads\/2025\/06\/DSC5633-scaled.jpg\" rel=\"noreferrer\" data-rel=\"iLightbox[gallery_image_1]\" class=\"fusion-lightbox\" target=\"_self\"><img decoding=\"async\" src=\"https:\/\/www.gfmfotovoltaica.com\/wp-content\/uploads\/2025\/06\/DSC5633-scaled.jpg\" data-orig-src=\"https:\/\/www.gfmfotovoltaica.com\/wp-content\/uploads\/2025\/06\/DSC5633-scaled.jpg\" width=\"2560\" height=\"1707\" alt=\"\" title=\"_DSC5633\" aria-label=\"_DSC5633\" class=\"lazyload img-responsive wp-image-5134\" srcset=\"data:image\/svg+xml,%3Csvg%20xmlns%3D%27http%3A%2F%2Fwww.w3.org%2F2000%2Fsvg%27%20width%3D%272560%27%20height%3D%271707%27%20viewBox%3D%270%200%202560%201707%27%3E%3Crect%20width%3D%272560%27%20height%3D%271707%27%20fill-opacity%3D%220%22%2F%3E%3C%2Fsvg%3E\" data-srcset=\"https:\/\/www.gfmfotovoltaica.com\/wp-content\/uploads\/2025\/06\/DSC5633-200x133.jpg 200w, https:\/\/www.gfmfotovoltaica.com\/wp-content\/uploads\/2025\/06\/DSC5633-400x267.jpg 400w, https:\/\/www.gfmfotovoltaica.com\/wp-content\/uploads\/2025\/06\/DSC5633-600x400.jpg 600w, https:\/\/www.gfmfotovoltaica.com\/wp-content\/uploads\/2025\/06\/DSC5633-800x533.jpg 800w, https:\/\/www.gfmfotovoltaica.com\/wp-content\/uploads\/2025\/06\/DSC5633-1200x800.jpg 1200w, https:\/\/www.gfmfotovoltaica.com\/wp-content\/uploads\/2025\/06\/DSC5633-scaled.jpg 2560w\" data-sizes=\"auto\" data-orig-sizes=\"(min-width: 2200px) 100vw, (min-width: 784px) 463px, (min-width: 712px) 695px, (min-width: 640px) 712px, \" \/><\/a><\/div><\/div><div class=\"clearfix\"><\/div><div style=\"padding:5px;\" class=\"fusion-grid-column fusion-gallery-column fusion-gallery-column-3 hover-type-none\"><div class=\"fusion-gallery-image\"><a href=\"https:\/\/www.gfmfotovoltaica.com\/wp-content\/uploads\/2025\/06\/DSC5934-1-scaled.jpg\" rel=\"noreferrer\" data-rel=\"iLightbox[gallery_image_1]\" class=\"fusion-lightbox\" target=\"_self\"><img decoding=\"async\" src=\"https:\/\/www.gfmfotovoltaica.com\/wp-content\/uploads\/2025\/06\/DSC5934-1-scaled.jpg\" data-orig-src=\"https:\/\/www.gfmfotovoltaica.com\/wp-content\/uploads\/2025\/06\/DSC5934-1-scaled.jpg\" width=\"1707\" height=\"2560\" alt=\"\" title=\"_DSC5934 (1)\" aria-label=\"_DSC5934 (1)\" class=\"lazyload img-responsive wp-image-5167\" srcset=\"data:image\/svg+xml,%3Csvg%20xmlns%3D%27http%3A%2F%2Fwww.w3.org%2F2000%2Fsvg%27%20width%3D%271707%27%20height%3D%272560%27%20viewBox%3D%270%200%201707%202560%27%3E%3Crect%20width%3D%271707%27%20height%3D%272560%27%20fill-opacity%3D%220%22%2F%3E%3C%2Fsvg%3E\" data-srcset=\"https:\/\/www.gfmfotovoltaica.com\/wp-content\/uploads\/2025\/06\/DSC5934-1-200x300.jpg 200w, https:\/\/www.gfmfotovoltaica.com\/wp-content\/uploads\/2025\/06\/DSC5934-1-400x600.jpg 400w, https:\/\/www.gfmfotovoltaica.com\/wp-content\/uploads\/2025\/06\/DSC5934-1-600x900.jpg 600w, https:\/\/www.gfmfotovoltaica.com\/wp-content\/uploads\/2025\/06\/DSC5934-1-800x1200.jpg 800w, https:\/\/www.gfmfotovoltaica.com\/wp-content\/uploads\/2025\/06\/DSC5934-1-1200x1800.jpg 1200w, https:\/\/www.gfmfotovoltaica.com\/wp-content\/uploads\/2025\/06\/DSC5934-1-scaled.jpg 1707w\" data-sizes=\"auto\" data-orig-sizes=\"(min-width: 2200px) 100vw, (min-width: 784px) 463px, (min-width: 712px) 695px, (min-width: 640px) 712px, \" \/><\/a><\/div><\/div><div style=\"padding:5px;\" class=\"fusion-grid-column fusion-gallery-column fusion-gallery-column-3 hover-type-none\"><div class=\"fusion-gallery-image\"><a href=\"https:\/\/www.gfmfotovoltaica.com\/wp-content\/uploads\/2025\/06\/DSC6021-scaled.jpg\" rel=\"noreferrer\" data-rel=\"iLightbox[gallery_image_1]\" class=\"fusion-lightbox\" target=\"_self\"><img decoding=\"async\" src=\"https:\/\/www.gfmfotovoltaica.com\/wp-content\/uploads\/2025\/06\/DSC6021-scaled.jpg\" data-orig-src=\"https:\/\/www.gfmfotovoltaica.com\/wp-content\/uploads\/2025\/06\/DSC6021-scaled.jpg\" width=\"2560\" height=\"1707\" alt=\"\" title=\"_DSC6021\" aria-label=\"_DSC6021\" class=\"lazyload img-responsive wp-image-5170\" srcset=\"data:image\/svg+xml,%3Csvg%20xmlns%3D%27http%3A%2F%2Fwww.w3.org%2F2000%2Fsvg%27%20width%3D%272560%27%20height%3D%271707%27%20viewBox%3D%270%200%202560%201707%27%3E%3Crect%20width%3D%272560%27%20height%3D%271707%27%20fill-opacity%3D%220%22%2F%3E%3C%2Fsvg%3E\" data-srcset=\"https:\/\/www.gfmfotovoltaica.com\/wp-content\/uploads\/2025\/06\/DSC6021-200x133.jpg 200w, https:\/\/www.gfmfotovoltaica.com\/wp-content\/uploads\/2025\/06\/DSC6021-400x267.jpg 400w, https:\/\/www.gfmfotovoltaica.com\/wp-content\/uploads\/2025\/06\/DSC6021-600x400.jpg 600w, https:\/\/www.gfmfotovoltaica.com\/wp-content\/uploads\/2025\/06\/DSC6021-800x533.jpg 800w, https:\/\/www.gfmfotovoltaica.com\/wp-content\/uploads\/2025\/06\/DSC6021-1200x800.jpg 1200w, https:\/\/www.gfmfotovoltaica.com\/wp-content\/uploads\/2025\/06\/DSC6021-scaled.jpg 2560w\" data-sizes=\"auto\" data-orig-sizes=\"(min-width: 2200px) 100vw, (min-width: 784px) 463px, (min-width: 712px) 695px, (min-width: 640px) 712px, \" \/><\/a><\/div><\/div><div style=\"padding:5px;\" class=\"fusion-grid-column fusion-gallery-column fusion-gallery-column-3 hover-type-none\"><div class=\"fusion-gallery-image\"><a href=\"https:\/\/www.gfmfotovoltaica.com\/wp-content\/uploads\/2025\/06\/DSC6073-scaled.jpg\" rel=\"noreferrer\" data-rel=\"iLightbox[gallery_image_1]\" class=\"fusion-lightbox\" target=\"_self\"><img decoding=\"async\" src=\"https:\/\/www.gfmfotovoltaica.com\/wp-content\/uploads\/2025\/06\/DSC6073-scaled.jpg\" data-orig-src=\"https:\/\/www.gfmfotovoltaica.com\/wp-content\/uploads\/2025\/06\/DSC6073-scaled.jpg\" width=\"1707\" height=\"2560\" alt=\"\" title=\"_DSC6073\" aria-label=\"_DSC6073\" class=\"lazyload img-responsive wp-image-5173\" srcset=\"data:image\/svg+xml,%3Csvg%20xmlns%3D%27http%3A%2F%2Fwww.w3.org%2F2000%2Fsvg%27%20width%3D%271707%27%20height%3D%272560%27%20viewBox%3D%270%200%201707%202560%27%3E%3Crect%20width%3D%271707%27%20height%3D%272560%27%20fill-opacity%3D%220%22%2F%3E%3C%2Fsvg%3E\" data-srcset=\"https:\/\/www.gfmfotovoltaica.com\/wp-content\/uploads\/2025\/06\/DSC6073-200x300.jpg 200w, https:\/\/www.gfmfotovoltaica.com\/wp-content\/uploads\/2025\/06\/DSC6073-400x600.jpg 400w, https:\/\/www.gfmfotovoltaica.com\/wp-content\/uploads\/2025\/06\/DSC6073-600x900.jpg 600w, https:\/\/www.gfmfotovoltaica.com\/wp-content\/uploads\/2025\/06\/DSC6073-800x1200.jpg 800w, https:\/\/www.gfmfotovoltaica.com\/wp-content\/uploads\/2025\/06\/DSC6073-1200x1800.jpg 1200w, https:\/\/www.gfmfotovoltaica.com\/wp-content\/uploads\/2025\/06\/DSC6073-scaled.jpg 1707w\" data-sizes=\"auto\" data-orig-sizes=\"(min-width: 2200px) 100vw, (min-width: 784px) 463px, (min-width: 712px) 695px, (min-width: 640px) 712px, \" \/><\/a><\/div><\/div><div class=\"clearfix\"><\/div><div style=\"padding:5px;\" class=\"fusion-grid-column fusion-gallery-column fusion-gallery-column-3 hover-type-none\"><div class=\"fusion-gallery-image\"><a href=\"https:\/\/www.gfmfotovoltaica.com\/wp-content\/uploads\/2025\/06\/DSC5781-scaled.jpg\" rel=\"noreferrer\" data-rel=\"iLightbox[gallery_image_1]\" class=\"fusion-lightbox\" target=\"_self\"><img decoding=\"async\" src=\"https:\/\/www.gfmfotovoltaica.com\/wp-content\/uploads\/2025\/06\/DSC5781-scaled.jpg\" data-orig-src=\"https:\/\/www.gfmfotovoltaica.com\/wp-content\/uploads\/2025\/06\/DSC5781-scaled.jpg\" width=\"2560\" height=\"1707\" alt=\"\" title=\"_DSC5781\" aria-label=\"_DSC5781\" class=\"lazyload img-responsive wp-image-5158\" srcset=\"data:image\/svg+xml,%3Csvg%20xmlns%3D%27http%3A%2F%2Fwww.w3.org%2F2000%2Fsvg%27%20width%3D%272560%27%20height%3D%271707%27%20viewBox%3D%270%200%202560%201707%27%3E%3Crect%20width%3D%272560%27%20height%3D%271707%27%20fill-opacity%3D%220%22%2F%3E%3C%2Fsvg%3E\" data-srcset=\"https:\/\/www.gfmfotovoltaica.com\/wp-content\/uploads\/2025\/06\/DSC5781-200x133.jpg 200w, https:\/\/www.gfmfotovoltaica.com\/wp-content\/uploads\/2025\/06\/DSC5781-400x267.jpg 400w, https:\/\/www.gfmfotovoltaica.com\/wp-content\/uploads\/2025\/06\/DSC5781-600x400.jpg 600w, https:\/\/www.gfmfotovoltaica.com\/wp-content\/uploads\/2025\/06\/DSC5781-800x533.jpg 800w, https:\/\/www.gfmfotovoltaica.com\/wp-content\/uploads\/2025\/06\/DSC5781-1200x800.jpg 1200w, https:\/\/www.gfmfotovoltaica.com\/wp-content\/uploads\/2025\/06\/DSC5781-scaled.jpg 2560w\" data-sizes=\"auto\" data-orig-sizes=\"(min-width: 2200px) 100vw, (min-width: 784px) 463px, (min-width: 712px) 695px, (min-width: 640px) 712px, \" \/><\/a><\/div><\/div><div style=\"padding:5px;\" class=\"fusion-grid-column fusion-gallery-column fusion-gallery-column-3 hover-type-none\"><div class=\"fusion-gallery-image\"><a href=\"https:\/\/www.gfmfotovoltaica.com\/wp-content\/uploads\/2025\/06\/DSC5774-scaled.jpg\" rel=\"noreferrer\" data-rel=\"iLightbox[gallery_image_1]\" class=\"fusion-lightbox\" target=\"_self\"><img decoding=\"async\" src=\"https:\/\/www.gfmfotovoltaica.com\/wp-content\/uploads\/2025\/06\/DSC5774-scaled.jpg\" data-orig-src=\"https:\/\/www.gfmfotovoltaica.com\/wp-content\/uploads\/2025\/06\/DSC5774-scaled.jpg\" width=\"2560\" height=\"1707\" alt=\"\" title=\"_DSC5774\" aria-label=\"_DSC5774\" class=\"lazyload img-responsive wp-image-5155\" srcset=\"data:image\/svg+xml,%3Csvg%20xmlns%3D%27http%3A%2F%2Fwww.w3.org%2F2000%2Fsvg%27%20width%3D%272560%27%20height%3D%271707%27%20viewBox%3D%270%200%202560%201707%27%3E%3Crect%20width%3D%272560%27%20height%3D%271707%27%20fill-opacity%3D%220%22%2F%3E%3C%2Fsvg%3E\" data-srcset=\"https:\/\/www.gfmfotovoltaica.com\/wp-content\/uploads\/2025\/06\/DSC5774-200x133.jpg 200w, https:\/\/www.gfmfotovoltaica.com\/wp-content\/uploads\/2025\/06\/DSC5774-400x267.jpg 400w, https:\/\/www.gfmfotovoltaica.com\/wp-content\/uploads\/2025\/06\/DSC5774-600x400.jpg 600w, https:\/\/www.gfmfotovoltaica.com\/wp-content\/uploads\/2025\/06\/DSC5774-800x533.jpg 800w, https:\/\/www.gfmfotovoltaica.com\/wp-content\/uploads\/2025\/06\/DSC5774-1200x800.jpg 1200w, https:\/\/www.gfmfotovoltaica.com\/wp-content\/uploads\/2025\/06\/DSC5774-scaled.jpg 2560w\" data-sizes=\"auto\" data-orig-sizes=\"(min-width: 2200px) 100vw, (min-width: 784px) 463px, (min-width: 712px) 695px, (min-width: 640px) 712px, \" \/><\/a><\/div><\/div><div style=\"padding:5px;\" class=\"fusion-grid-column fusion-gallery-column fusion-gallery-column-3 hover-type-none\"><div class=\"fusion-gallery-image\"><a href=\"https:\/\/www.gfmfotovoltaica.com\/wp-content\/uploads\/2025\/06\/DSC5768-scaled.jpg\" rel=\"noreferrer\" data-rel=\"iLightbox[gallery_image_1]\" class=\"fusion-lightbox\" target=\"_self\"><img decoding=\"async\" src=\"https:\/\/www.gfmfotovoltaica.com\/wp-content\/uploads\/2025\/06\/DSC5768-scaled.jpg\" data-orig-src=\"https:\/\/www.gfmfotovoltaica.com\/wp-content\/uploads\/2025\/06\/DSC5768-scaled.jpg\" width=\"2560\" height=\"1707\" alt=\"\" title=\"_DSC5768\" aria-label=\"_DSC5768\" class=\"lazyload img-responsive wp-image-5152\" srcset=\"data:image\/svg+xml,%3Csvg%20xmlns%3D%27http%3A%2F%2Fwww.w3.org%2F2000%2Fsvg%27%20width%3D%272560%27%20height%3D%271707%27%20viewBox%3D%270%200%202560%201707%27%3E%3Crect%20width%3D%272560%27%20height%3D%271707%27%20fill-opacity%3D%220%22%2F%3E%3C%2Fsvg%3E\" data-srcset=\"https:\/\/www.gfmfotovoltaica.com\/wp-content\/uploads\/2025\/06\/DSC5768-200x133.jpg 200w, https:\/\/www.gfmfotovoltaica.com\/wp-content\/uploads\/2025\/06\/DSC5768-400x267.jpg 400w, https:\/\/www.gfmfotovoltaica.com\/wp-content\/uploads\/2025\/06\/DSC5768-600x400.jpg 600w, https:\/\/www.gfmfotovoltaica.com\/wp-content\/uploads\/2025\/06\/DSC5768-800x533.jpg 800w, https:\/\/www.gfmfotovoltaica.com\/wp-content\/uploads\/2025\/06\/DSC5768-1200x800.jpg 1200w, https:\/\/www.gfmfotovoltaica.com\/wp-content\/uploads\/2025\/06\/DSC5768-scaled.jpg 2560w\" data-sizes=\"auto\" data-orig-sizes=\"(min-width: 2200px) 100vw, (min-width: 784px) 463px, (min-width: 712px) 695px, (min-width: 640px) 712px, \" \/><\/a><\/div><\/div><div class=\"clearfix\"><\/div><div style=\"padding:5px;\" class=\"fusion-grid-column fusion-gallery-column fusion-gallery-column-3 hover-type-none\"><div class=\"fusion-gallery-image\"><a href=\"https:\/\/www.gfmfotovoltaica.com\/wp-content\/uploads\/2025\/06\/DSC6098-scaled.jpg\" rel=\"noreferrer\" data-rel=\"iLightbox[gallery_image_1]\" class=\"fusion-lightbox\" target=\"_self\"><img decoding=\"async\" src=\"https:\/\/www.gfmfotovoltaica.com\/wp-content\/uploads\/2025\/06\/DSC6098-scaled.jpg\" data-orig-src=\"https:\/\/www.gfmfotovoltaica.com\/wp-content\/uploads\/2025\/06\/DSC6098-scaled.jpg\" width=\"1707\" height=\"2560\" alt=\"\" title=\"_DSC6098\" aria-label=\"_DSC6098\" class=\"lazyload img-responsive wp-image-5176\" srcset=\"data:image\/svg+xml,%3Csvg%20xmlns%3D%27http%3A%2F%2Fwww.w3.org%2F2000%2Fsvg%27%20width%3D%271707%27%20height%3D%272560%27%20viewBox%3D%270%200%201707%202560%27%3E%3Crect%20width%3D%271707%27%20height%3D%272560%27%20fill-opacity%3D%220%22%2F%3E%3C%2Fsvg%3E\" data-srcset=\"https:\/\/www.gfmfotovoltaica.com\/wp-content\/uploads\/2025\/06\/DSC6098-200x300.jpg 200w, https:\/\/www.gfmfotovoltaica.com\/wp-content\/uploads\/2025\/06\/DSC6098-400x600.jpg 400w, https:\/\/www.gfmfotovoltaica.com\/wp-content\/uploads\/2025\/06\/DSC6098-600x900.jpg 600w, https:\/\/www.gfmfotovoltaica.com\/wp-content\/uploads\/2025\/06\/DSC6098-800x1200.jpg 800w, https:\/\/www.gfmfotovoltaica.com\/wp-content\/uploads\/2025\/06\/DSC6098-1200x1800.jpg 1200w, https:\/\/www.gfmfotovoltaica.com\/wp-content\/uploads\/2025\/06\/DSC6098-scaled.jpg 1707w\" data-sizes=\"auto\" data-orig-sizes=\"(min-width: 2200px) 100vw, (min-width: 784px) 463px, (min-width: 712px) 695px, (min-width: 640px) 712px, \" \/><\/a><\/div><\/div><div style=\"padding:5px;\" class=\"fusion-grid-column fusion-gallery-column fusion-gallery-column-3 hover-type-none\"><div class=\"fusion-gallery-image\"><a href=\"https:\/\/www.gfmfotovoltaica.com\/wp-content\/uploads\/2025\/06\/DSC5600-scaled.jpg\" rel=\"noreferrer\" data-rel=\"iLightbox[gallery_image_1]\" class=\"fusion-lightbox\" target=\"_self\"><img decoding=\"async\" src=\"https:\/\/www.gfmfotovoltaica.com\/wp-content\/uploads\/2025\/06\/DSC5600-scaled.jpg\" data-orig-src=\"https:\/\/www.gfmfotovoltaica.com\/wp-content\/uploads\/2025\/06\/DSC5600-scaled.jpg\" width=\"1707\" height=\"2560\" alt=\"\" title=\"_DSC5600\" aria-label=\"_DSC5600\" class=\"lazyload img-responsive wp-image-5125\" srcset=\"data:image\/svg+xml,%3Csvg%20xmlns%3D%27http%3A%2F%2Fwww.w3.org%2F2000%2Fsvg%27%20width%3D%271707%27%20height%3D%272560%27%20viewBox%3D%270%200%201707%202560%27%3E%3Crect%20width%3D%271707%27%20height%3D%272560%27%20fill-opacity%3D%220%22%2F%3E%3C%2Fsvg%3E\" data-srcset=\"https:\/\/www.gfmfotovoltaica.com\/wp-content\/uploads\/2025\/06\/DSC5600-200x300.jpg 200w, https:\/\/www.gfmfotovoltaica.com\/wp-content\/uploads\/2025\/06\/DSC5600-400x600.jpg 400w, https:\/\/www.gfmfotovoltaica.com\/wp-content\/uploads\/2025\/06\/DSC5600-600x900.jpg 600w, https:\/\/www.gfmfotovoltaica.com\/wp-content\/uploads\/2025\/06\/DSC5600-800x1200.jpg 800w, https:\/\/www.gfmfotovoltaica.com\/wp-content\/uploads\/2025\/06\/DSC5600-1200x1800.jpg 1200w, https:\/\/www.gfmfotovoltaica.com\/wp-content\/uploads\/2025\/06\/DSC5600-scaled.jpg 1707w\" data-sizes=\"auto\" data-orig-sizes=\"(min-width: 2200px) 100vw, (min-width: 784px) 463px, (min-width: 712px) 695px, (min-width: 640px) 712px, \" \/><\/a><\/div><\/div><div style=\"padding:5px;\" class=\"fusion-grid-column fusion-gallery-column fusion-gallery-column-3 hover-type-none\"><div class=\"fusion-gallery-image\"><a href=\"https:\/\/www.gfmfotovoltaica.com\/wp-content\/uploads\/2025\/06\/DSC6229-scaled.jpg\" rel=\"noreferrer\" data-rel=\"iLightbox[gallery_image_1]\" class=\"fusion-lightbox\" target=\"_self\"><img decoding=\"async\" src=\"https:\/\/www.gfmfotovoltaica.com\/wp-content\/uploads\/2025\/06\/DSC6229-scaled.jpg\" data-orig-src=\"https:\/\/www.gfmfotovoltaica.com\/wp-content\/uploads\/2025\/06\/DSC6229-scaled.jpg\" width=\"2560\" height=\"1707\" alt=\"\" title=\"_DSC6229\" aria-label=\"_DSC6229\" class=\"lazyload img-responsive wp-image-5179\" srcset=\"data:image\/svg+xml,%3Csvg%20xmlns%3D%27http%3A%2F%2Fwww.w3.org%2F2000%2Fsvg%27%20width%3D%272560%27%20height%3D%271707%27%20viewBox%3D%270%200%202560%201707%27%3E%3Crect%20width%3D%272560%27%20height%3D%271707%27%20fill-opacity%3D%220%22%2F%3E%3C%2Fsvg%3E\" data-srcset=\"https:\/\/www.gfmfotovoltaica.com\/wp-content\/uploads\/2025\/06\/DSC6229-200x133.jpg 200w, https:\/\/www.gfmfotovoltaica.com\/wp-content\/uploads\/2025\/06\/DSC6229-400x267.jpg 400w, https:\/\/www.gfmfotovoltaica.com\/wp-content\/uploads\/2025\/06\/DSC6229-600x400.jpg 600w, https:\/\/www.gfmfotovoltaica.com\/wp-content\/uploads\/2025\/06\/DSC6229-800x533.jpg 800w, https:\/\/www.gfmfotovoltaica.com\/wp-content\/uploads\/2025\/06\/DSC6229-1200x800.jpg 1200w, https:\/\/www.gfmfotovoltaica.com\/wp-content\/uploads\/2025\/06\/DSC6229-scaled.jpg 2560w\" data-sizes=\"auto\" data-orig-sizes=\"(min-width: 2200px) 100vw, (min-width: 784px) 463px, (min-width: 712px) 695px, (min-width: 640px) 712px, \" \/><\/a><\/div><\/div><div class=\"clearfix\"><\/div><div style=\"padding:5px;\" class=\"fusion-grid-column fusion-gallery-column fusion-gallery-column-3 hover-type-none\"><div class=\"fusion-gallery-image\"><a href=\"https:\/\/www.gfmfotovoltaica.com\/wp-content\/uploads\/2025\/06\/DSC6260-scaled.jpg\" rel=\"noreferrer\" data-rel=\"iLightbox[gallery_image_1]\" class=\"fusion-lightbox\" target=\"_self\"><img decoding=\"async\" src=\"https:\/\/www.gfmfotovoltaica.com\/wp-content\/uploads\/2025\/06\/DSC6260-scaled.jpg\" data-orig-src=\"https:\/\/www.gfmfotovoltaica.com\/wp-content\/uploads\/2025\/06\/DSC6260-scaled.jpg\" width=\"2560\" height=\"1707\" alt=\"\" title=\"_DSC6260\" aria-label=\"_DSC6260\" class=\"lazyload img-responsive wp-image-5182\" srcset=\"data:image\/svg+xml,%3Csvg%20xmlns%3D%27http%3A%2F%2Fwww.w3.org%2F2000%2Fsvg%27%20width%3D%272560%27%20height%3D%271707%27%20viewBox%3D%270%200%202560%201707%27%3E%3Crect%20width%3D%272560%27%20height%3D%271707%27%20fill-opacity%3D%220%22%2F%3E%3C%2Fsvg%3E\" data-srcset=\"https:\/\/www.gfmfotovoltaica.com\/wp-content\/uploads\/2025\/06\/DSC6260-200x133.jpg 200w, https:\/\/www.gfmfotovoltaica.com\/wp-content\/uploads\/2025\/06\/DSC6260-400x267.jpg 400w, https:\/\/www.gfmfotovoltaica.com\/wp-content\/uploads\/2025\/06\/DSC6260-600x400.jpg 600w, https:\/\/www.gfmfotovoltaica.com\/wp-content\/uploads\/2025\/06\/DSC6260-800x533.jpg 800w, https:\/\/www.gfmfotovoltaica.com\/wp-content\/uploads\/2025\/06\/DSC6260-1200x800.jpg 1200w, https:\/\/www.gfmfotovoltaica.com\/wp-content\/uploads\/2025\/06\/DSC6260-scaled.jpg 2560w\" data-sizes=\"auto\" data-orig-sizes=\"(min-width: 2200px) 100vw, (min-width: 784px) 463px, (min-width: 712px) 695px, (min-width: 640px) 712px, \" \/><\/a><\/div><\/div><div style=\"padding:5px;\" class=\"fusion-grid-column fusion-gallery-column fusion-gallery-column-3 hover-type-none\"><div class=\"fusion-gallery-image\"><a href=\"https:\/\/www.gfmfotovoltaica.com\/wp-content\/uploads\/2025\/06\/DSC6350-scaled.jpg\" rel=\"noreferrer\" data-rel=\"iLightbox[gallery_image_1]\" class=\"fusion-lightbox\" target=\"_self\"><img decoding=\"async\" src=\"https:\/\/www.gfmfotovoltaica.com\/wp-content\/uploads\/2025\/06\/DSC6350-scaled.jpg\" data-orig-src=\"https:\/\/www.gfmfotovoltaica.com\/wp-content\/uploads\/2025\/06\/DSC6350-scaled.jpg\" width=\"2560\" height=\"1707\" alt=\"\" title=\"_DSC6350\" aria-label=\"_DSC6350\" class=\"lazyload img-responsive wp-image-5191\" srcset=\"data:image\/svg+xml,%3Csvg%20xmlns%3D%27http%3A%2F%2Fwww.w3.org%2F2000%2Fsvg%27%20width%3D%272560%27%20height%3D%271707%27%20viewBox%3D%270%200%202560%201707%27%3E%3Crect%20width%3D%272560%27%20height%3D%271707%27%20fill-opacity%3D%220%22%2F%3E%3C%2Fsvg%3E\" data-srcset=\"https:\/\/www.gfmfotovoltaica.com\/wp-content\/uploads\/2025\/06\/DSC6350-200x133.jpg 200w, https:\/\/www.gfmfotovoltaica.com\/wp-content\/uploads\/2025\/06\/DSC6350-400x267.jpg 400w, https:\/\/www.gfmfotovoltaica.com\/wp-content\/uploads\/2025\/06\/DSC6350-600x400.jpg 600w, https:\/\/www.gfmfotovoltaica.com\/wp-content\/uploads\/2025\/06\/DSC6350-800x533.jpg 800w, https:\/\/www.gfmfotovoltaica.com\/wp-content\/uploads\/2025\/06\/DSC6350-1200x800.jpg 1200w, https:\/\/www.gfmfotovoltaica.com\/wp-content\/uploads\/2025\/06\/DSC6350-scaled.jpg 2560w\" data-sizes=\"auto\" data-orig-sizes=\"(min-width: 2200px) 100vw, (min-width: 784px) 463px, (min-width: 712px) 695px, (min-width: 640px) 712px, \" \/><\/a><\/div><\/div><div style=\"padding:5px;\" class=\"fusion-grid-column fusion-gallery-column fusion-gallery-column-3 hover-type-none\"><div class=\"fusion-gallery-image\"><a href=\"https:\/\/www.gfmfotovoltaica.com\/wp-content\/uploads\/2025\/06\/DSC6337-scaled.jpg\" rel=\"noreferrer\" data-rel=\"iLightbox[gallery_image_1]\" class=\"fusion-lightbox\" target=\"_self\"><img decoding=\"async\" src=\"https:\/\/www.gfmfotovoltaica.com\/wp-content\/uploads\/2025\/06\/DSC6337-scaled.jpg\" data-orig-src=\"https:\/\/www.gfmfotovoltaica.com\/wp-content\/uploads\/2025\/06\/DSC6337-scaled.jpg\" width=\"2560\" height=\"1707\" alt=\"\" title=\"_DSC6337\" aria-label=\"_DSC6337\" class=\"lazyload img-responsive wp-image-5188\" srcset=\"data:image\/svg+xml,%3Csvg%20xmlns%3D%27http%3A%2F%2Fwww.w3.org%2F2000%2Fsvg%27%20width%3D%272560%27%20height%3D%271707%27%20viewBox%3D%270%200%202560%201707%27%3E%3Crect%20width%3D%272560%27%20height%3D%271707%27%20fill-opacity%3D%220%22%2F%3E%3C%2Fsvg%3E\" data-srcset=\"https:\/\/www.gfmfotovoltaica.com\/wp-content\/uploads\/2025\/06\/DSC6337-200x133.jpg 200w, https:\/\/www.gfmfotovoltaica.com\/wp-content\/uploads\/2025\/06\/DSC6337-400x267.jpg 400w, https:\/\/www.gfmfotovoltaica.com\/wp-content\/uploads\/2025\/06\/DSC6337-600x400.jpg 600w, https:\/\/www.gfmfotovoltaica.com\/wp-content\/uploads\/2025\/06\/DSC6337-800x533.jpg 800w, https:\/\/www.gfmfotovoltaica.com\/wp-content\/uploads\/2025\/06\/DSC6337-1200x800.jpg 1200w, https:\/\/www.gfmfotovoltaica.com\/wp-content\/uploads\/2025\/06\/DSC6337-scaled.jpg 2560w\" data-sizes=\"auto\" data-orig-sizes=\"(min-width: 2200px) 100vw, (min-width: 784px) 463px, (min-width: 712px) 695px, (min-width: 640px) 712px, \" \/><\/a><\/div><\/div><div class=\"clearfix\"><\/div><div style=\"padding:5px;\" class=\"fusion-grid-column fusion-gallery-column fusion-gallery-column-3 hover-type-none\"><div class=\"fusion-gallery-image\"><a href=\"https:\/\/www.gfmfotovoltaica.com\/wp-content\/uploads\/2025\/06\/DSC6282-scaled.jpg\" rel=\"noreferrer\" data-rel=\"iLightbox[gallery_image_1]\" class=\"fusion-lightbox\" target=\"_self\"><img decoding=\"async\" src=\"https:\/\/www.gfmfotovoltaica.com\/wp-content\/uploads\/2025\/06\/DSC6282-scaled.jpg\" data-orig-src=\"https:\/\/www.gfmfotovoltaica.com\/wp-content\/uploads\/2025\/06\/DSC6282-scaled.jpg\" width=\"2560\" height=\"1707\" alt=\"\" title=\"_DSC6282\" aria-label=\"_DSC6282\" class=\"lazyload img-responsive wp-image-5185\" srcset=\"data:image\/svg+xml,%3Csvg%20xmlns%3D%27http%3A%2F%2Fwww.w3.org%2F2000%2Fsvg%27%20width%3D%272560%27%20height%3D%271707%27%20viewBox%3D%270%200%202560%201707%27%3E%3Crect%20width%3D%272560%27%20height%3D%271707%27%20fill-opacity%3D%220%22%2F%3E%3C%2Fsvg%3E\" data-srcset=\"https:\/\/www.gfmfotovoltaica.com\/wp-content\/uploads\/2025\/06\/DSC6282-200x133.jpg 200w, https:\/\/www.gfmfotovoltaica.com\/wp-content\/uploads\/2025\/06\/DSC6282-400x267.jpg 400w, https:\/\/www.gfmfotovoltaica.com\/wp-content\/uploads\/2025\/06\/DSC6282-600x400.jpg 600w, https:\/\/www.gfmfotovoltaica.com\/wp-content\/uploads\/2025\/06\/DSC6282-800x533.jpg 800w, https:\/\/www.gfmfotovoltaica.com\/wp-content\/uploads\/2025\/06\/DSC6282-1200x800.jpg 1200w, https:\/\/www.gfmfotovoltaica.com\/wp-content\/uploads\/2025\/06\/DSC6282-scaled.jpg 2560w\" data-sizes=\"auto\" data-orig-sizes=\"(min-width: 2200px) 100vw, (min-width: 784px) 463px, (min-width: 712px) 695px, (min-width: 640px) 712px, \" \/><\/a><\/div><\/div><div style=\"padding:5px;\" class=\"fusion-grid-column fusion-gallery-column fusion-gallery-column-3 hover-type-none\"><div class=\"fusion-gallery-image\"><a href=\"https:\/\/www.gfmfotovoltaica.com\/wp-content\/uploads\/2025\/06\/DSC5532-scaled.jpg\" rel=\"noreferrer\" data-rel=\"iLightbox[gallery_image_1]\" class=\"fusion-lightbox\" target=\"_self\"><img decoding=\"async\" src=\"https:\/\/www.gfmfotovoltaica.com\/wp-content\/uploads\/2025\/06\/DSC5532-scaled.jpg\" data-orig-src=\"https:\/\/www.gfmfotovoltaica.com\/wp-content\/uploads\/2025\/06\/DSC5532-scaled.jpg\" width=\"2560\" height=\"1707\" alt=\"\" title=\"_DSC5532\" aria-label=\"_DSC5532\" class=\"lazyload img-responsive wp-image-5122\" srcset=\"data:image\/svg+xml,%3Csvg%20xmlns%3D%27http%3A%2F%2Fwww.w3.org%2F2000%2Fsvg%27%20width%3D%272560%27%20height%3D%271707%27%20viewBox%3D%270%200%202560%201707%27%3E%3Crect%20width%3D%272560%27%20height%3D%271707%27%20fill-opacity%3D%220%22%2F%3E%3C%2Fsvg%3E\" data-srcset=\"https:\/\/www.gfmfotovoltaica.com\/wp-content\/uploads\/2025\/06\/DSC5532-200x133.jpg 200w, https:\/\/www.gfmfotovoltaica.com\/wp-content\/uploads\/2025\/06\/DSC5532-400x267.jpg 400w, https:\/\/www.gfmfotovoltaica.com\/wp-content\/uploads\/2025\/06\/DSC5532-600x400.jpg 600w, https:\/\/www.gfmfotovoltaica.com\/wp-content\/uploads\/2025\/06\/DSC5532-800x533.jpg 800w, https:\/\/www.gfmfotovoltaica.com\/wp-content\/uploads\/2025\/06\/DSC5532-1200x800.jpg 1200w, https:\/\/www.gfmfotovoltaica.com\/wp-content\/uploads\/2025\/06\/DSC5532-scaled.jpg 2560w\" data-sizes=\"auto\" data-orig-sizes=\"(min-width: 2200px) 100vw, (min-width: 784px) 463px, (min-width: 712px) 695px, (min-width: 640px) 712px, \" \/><\/a><\/div><\/div><div style=\"padding:5px;\" class=\"fusion-grid-column fusion-gallery-column fusion-gallery-column-3 hover-type-none\"><div class=\"fusion-gallery-image\"><a href=\"https:\/\/www.gfmfotovoltaica.com\/wp-content\/uploads\/2025\/06\/DSC5479-scaled.jpg\" rel=\"noreferrer\" data-rel=\"iLightbox[gallery_image_1]\" class=\"fusion-lightbox\" target=\"_self\"><img decoding=\"async\" src=\"https:\/\/www.gfmfotovoltaica.com\/wp-content\/uploads\/2025\/06\/DSC5479-scaled.jpg\" data-orig-src=\"https:\/\/www.gfmfotovoltaica.com\/wp-content\/uploads\/2025\/06\/DSC5479-scaled.jpg\" width=\"2560\" height=\"1707\" alt=\"\" title=\"_DSC5479\" aria-label=\"_DSC5479\" class=\"lazyload img-responsive wp-image-5119\" srcset=\"data:image\/svg+xml,%3Csvg%20xmlns%3D%27http%3A%2F%2Fwww.w3.org%2F2000%2Fsvg%27%20width%3D%272560%27%20height%3D%271707%27%20viewBox%3D%270%200%202560%201707%27%3E%3Crect%20width%3D%272560%27%20height%3D%271707%27%20fill-opacity%3D%220%22%2F%3E%3C%2Fsvg%3E\" data-srcset=\"https:\/\/www.gfmfotovoltaica.com\/wp-content\/uploads\/2025\/06\/DSC5479-200x133.jpg 200w, https:\/\/www.gfmfotovoltaica.com\/wp-content\/uploads\/2025\/06\/DSC5479-400x267.jpg 400w, https:\/\/www.gfmfotovoltaica.com\/wp-content\/uploads\/2025\/06\/DSC5479-600x400.jpg 600w, https:\/\/www.gfmfotovoltaica.com\/wp-content\/uploads\/2025\/06\/DSC5479-800x533.jpg 800w, https:\/\/www.gfmfotovoltaica.com\/wp-content\/uploads\/2025\/06\/DSC5479-1200x800.jpg 1200w, https:\/\/www.gfmfotovoltaica.com\/wp-content\/uploads\/2025\/06\/DSC5479-scaled.jpg 2560w\" data-sizes=\"auto\" data-orig-sizes=\"(min-width: 2200px) 100vw, (min-width: 784px) 463px, (min-width: 712px) 695px, (min-width: 640px) 712px, \" \/><\/a><\/div><\/div><div class=\"clearfix\"><\/div><div style=\"padding:5px;\" class=\"fusion-grid-column fusion-gallery-column fusion-gallery-column-3 hover-type-none\"><div class=\"fusion-gallery-image\"><a href=\"https:\/\/www.gfmfotovoltaica.com\/wp-content\/uploads\/2025\/06\/DSC5508-scaled.jpg\" rel=\"noreferrer\" data-rel=\"iLightbox[gallery_image_1]\" class=\"fusion-lightbox\" target=\"_self\"><img decoding=\"async\" src=\"https:\/\/www.gfmfotovoltaica.com\/wp-content\/uploads\/2025\/06\/DSC5508-scaled.jpg\" data-orig-src=\"https:\/\/www.gfmfotovoltaica.com\/wp-content\/uploads\/2025\/06\/DSC5508-scaled.jpg\" width=\"1707\" height=\"2560\" alt=\"\" title=\"_DSC5508\" aria-label=\"_DSC5508\" class=\"lazyload img-responsive wp-image-5116\" srcset=\"data:image\/svg+xml,%3Csvg%20xmlns%3D%27http%3A%2F%2Fwww.w3.org%2F2000%2Fsvg%27%20width%3D%271707%27%20height%3D%272560%27%20viewBox%3D%270%200%201707%202560%27%3E%3Crect%20width%3D%271707%27%20height%3D%272560%27%20fill-opacity%3D%220%22%2F%3E%3C%2Fsvg%3E\" data-srcset=\"https:\/\/www.gfmfotovoltaica.com\/wp-content\/uploads\/2025\/06\/DSC5508-200x300.jpg 200w, https:\/\/www.gfmfotovoltaica.com\/wp-content\/uploads\/2025\/06\/DSC5508-400x600.jpg 400w, https:\/\/www.gfmfotovoltaica.com\/wp-content\/uploads\/2025\/06\/DSC5508-600x900.jpg 600w, https:\/\/www.gfmfotovoltaica.com\/wp-content\/uploads\/2025\/06\/DSC5508-800x1200.jpg 800w, https:\/\/www.gfmfotovoltaica.com\/wp-content\/uploads\/2025\/06\/DSC5508-1200x1800.jpg 1200w, https:\/\/www.gfmfotovoltaica.com\/wp-content\/uploads\/2025\/06\/DSC5508-scaled.jpg 1707w\" data-sizes=\"auto\" data-orig-sizes=\"(min-width: 2200px) 100vw, (min-width: 784px) 463px, (min-width: 712px) 695px, (min-width: 640px) 712px, \" \/><\/a><\/div><\/div><div style=\"padding:5px;\" class=\"fusion-grid-column fusion-gallery-column fusion-gallery-column-3 hover-type-none\"><div class=\"fusion-gallery-image\"><a href=\"https:\/\/www.gfmfotovoltaica.com\/wp-content\/uploads\/2025\/06\/DSC5501-scaled.jpg\" rel=\"noreferrer\" data-rel=\"iLightbox[gallery_image_1]\" class=\"fusion-lightbox\" target=\"_self\"><img decoding=\"async\" src=\"https:\/\/www.gfmfotovoltaica.com\/wp-content\/uploads\/2025\/06\/DSC5501-scaled.jpg\" data-orig-src=\"https:\/\/www.gfmfotovoltaica.com\/wp-content\/uploads\/2025\/06\/DSC5501-scaled.jpg\" width=\"2560\" height=\"1707\" alt=\"\" title=\"_DSC5501\" aria-label=\"_DSC5501\" class=\"lazyload img-responsive wp-image-5113\" srcset=\"data:image\/svg+xml,%3Csvg%20xmlns%3D%27http%3A%2F%2Fwww.w3.org%2F2000%2Fsvg%27%20width%3D%272560%27%20height%3D%271707%27%20viewBox%3D%270%200%202560%201707%27%3E%3Crect%20width%3D%272560%27%20height%3D%271707%27%20fill-opacity%3D%220%22%2F%3E%3C%2Fsvg%3E\" data-srcset=\"https:\/\/www.gfmfotovoltaica.com\/wp-content\/uploads\/2025\/06\/DSC5501-200x133.jpg 200w, https:\/\/www.gfmfotovoltaica.com\/wp-content\/uploads\/2025\/06\/DSC5501-400x267.jpg 400w, https:\/\/www.gfmfotovoltaica.com\/wp-content\/uploads\/2025\/06\/DSC5501-600x400.jpg 600w, https:\/\/www.gfmfotovoltaica.com\/wp-content\/uploads\/2025\/06\/DSC5501-800x533.jpg 800w, https:\/\/www.gfmfotovoltaica.com\/wp-content\/uploads\/2025\/06\/DSC5501-1200x800.jpg 1200w, https:\/\/www.gfmfotovoltaica.com\/wp-content\/uploads\/2025\/06\/DSC5501-scaled.jpg 2560w\" data-sizes=\"auto\" data-orig-sizes=\"(min-width: 2200px) 100vw, (min-width: 784px) 463px, (min-width: 712px) 695px, (min-width: 640px) 712px, \" \/><\/a><\/div><\/div><div style=\"padding:5px;\" class=\"fusion-grid-column fusion-gallery-column fusion-gallery-column-3 hover-type-none\"><div class=\"fusion-gallery-image\"><a href=\"https:\/\/www.gfmfotovoltaica.com\/wp-content\/uploads\/2025\/06\/DSC5453-scaled.jpg\" rel=\"noreferrer\" data-rel=\"iLightbox[gallery_image_1]\" class=\"fusion-lightbox\" target=\"_self\"><img decoding=\"async\" src=\"https:\/\/www.gfmfotovoltaica.com\/wp-content\/uploads\/2025\/06\/DSC5453-scaled.jpg\" data-orig-src=\"https:\/\/www.gfmfotovoltaica.com\/wp-content\/uploads\/2025\/06\/DSC5453-scaled.jpg\" width=\"2560\" height=\"1707\" alt=\"\" title=\"_DSC5453\" aria-label=\"_DSC5453\" class=\"lazyload img-responsive wp-image-5110\" srcset=\"data:image\/svg+xml,%3Csvg%20xmlns%3D%27http%3A%2F%2Fwww.w3.org%2F2000%2Fsvg%27%20width%3D%272560%27%20height%3D%271707%27%20viewBox%3D%270%200%202560%201707%27%3E%3Crect%20width%3D%272560%27%20height%3D%271707%27%20fill-opacity%3D%220%22%2F%3E%3C%2Fsvg%3E\" data-srcset=\"https:\/\/www.gfmfotovoltaica.com\/wp-content\/uploads\/2025\/06\/DSC5453-200x133.jpg 200w, https:\/\/www.gfmfotovoltaica.com\/wp-content\/uploads\/2025\/06\/DSC5453-400x267.jpg 400w, https:\/\/www.gfmfotovoltaica.com\/wp-content\/uploads\/2025\/06\/DSC5453-600x400.jpg 600w, https:\/\/www.gfmfotovoltaica.com\/wp-content\/uploads\/2025\/06\/DSC5453-800x533.jpg 800w, https:\/\/www.gfmfotovoltaica.com\/wp-content\/uploads\/2025\/06\/DSC5453-1200x800.jpg 1200w, https:\/\/www.gfmfotovoltaica.com\/wp-content\/uploads\/2025\/06\/DSC5453-scaled.jpg 2560w\" data-sizes=\"auto\" data-orig-sizes=\"(min-width: 2200px) 100vw, (min-width: 784px) 463px, (min-width: 712px) 695px, (min-width: 640px) 712px, \" \/><\/a><\/div><\/div><div class=\"clearfix\"><\/div><div style=\"padding:5px;\" class=\"fusion-grid-column fusion-gallery-column fusion-gallery-column-3 hover-type-none\"><div class=\"fusion-gallery-image\"><a href=\"https:\/\/www.gfmfotovoltaica.com\/wp-content\/uploads\/2025\/06\/DSC5449-scaled.jpg\" rel=\"noreferrer\" data-rel=\"iLightbox[gallery_image_1]\" class=\"fusion-lightbox\" target=\"_self\"><img decoding=\"async\" src=\"https:\/\/www.gfmfotovoltaica.com\/wp-content\/uploads\/2025\/06\/DSC5449-scaled.jpg\" data-orig-src=\"https:\/\/www.gfmfotovoltaica.com\/wp-content\/uploads\/2025\/06\/DSC5449-scaled.jpg\" width=\"1707\" height=\"2560\" alt=\"\" title=\"_DSC5449\" aria-label=\"_DSC5449\" class=\"lazyload img-responsive wp-image-5104\" srcset=\"data:image\/svg+xml,%3Csvg%20xmlns%3D%27http%3A%2F%2Fwww.w3.org%2F2000%2Fsvg%27%20width%3D%271707%27%20height%3D%272560%27%20viewBox%3D%270%200%201707%202560%27%3E%3Crect%20width%3D%271707%27%20height%3D%272560%27%20fill-opacity%3D%220%22%2F%3E%3C%2Fsvg%3E\" data-srcset=\"https:\/\/www.gfmfotovoltaica.com\/wp-content\/uploads\/2025\/06\/DSC5449-200x300.jpg 200w, https:\/\/www.gfmfotovoltaica.com\/wp-content\/uploads\/2025\/06\/DSC5449-400x600.jpg 400w, https:\/\/www.gfmfotovoltaica.com\/wp-content\/uploads\/2025\/06\/DSC5449-600x900.jpg 600w, https:\/\/www.gfmfotovoltaica.com\/wp-content\/uploads\/2025\/06\/DSC5449-800x1200.jpg 800w, https:\/\/www.gfmfotovoltaica.com\/wp-content\/uploads\/2025\/06\/DSC5449-1200x1800.jpg 1200w, https:\/\/www.gfmfotovoltaica.com\/wp-content\/uploads\/2025\/06\/DSC5449-scaled.jpg 1707w\" data-sizes=\"auto\" data-orig-sizes=\"(min-width: 2200px) 100vw, (min-width: 784px) 463px, (min-width: 712px) 695px, (min-width: 640px) 712px, \" \/><\/a><\/div><\/div><div style=\"padding:5px;\" class=\"fusion-grid-column fusion-gallery-column fusion-gallery-column-3 hover-type-none\"><div class=\"fusion-gallery-image\"><a href=\"https:\/\/www.gfmfotovoltaica.com\/wp-content\/uploads\/2025\/06\/DSC5345-scaled.jpg\" rel=\"noreferrer\" data-rel=\"iLightbox[gallery_image_1]\" class=\"fusion-lightbox\" target=\"_self\"><img decoding=\"async\" src=\"https:\/\/www.gfmfotovoltaica.com\/wp-content\/uploads\/2025\/06\/DSC5345-scaled.jpg\" data-orig-src=\"https:\/\/www.gfmfotovoltaica.com\/wp-content\/uploads\/2025\/06\/DSC5345-scaled.jpg\" width=\"1707\" height=\"2560\" alt=\"\" title=\"_DSC5345\" aria-label=\"_DSC5345\" class=\"lazyload img-responsive wp-image-5107\" srcset=\"data:image\/svg+xml,%3Csvg%20xmlns%3D%27http%3A%2F%2Fwww.w3.org%2F2000%2Fsvg%27%20width%3D%271707%27%20height%3D%272560%27%20viewBox%3D%270%200%201707%202560%27%3E%3Crect%20width%3D%271707%27%20height%3D%272560%27%20fill-opacity%3D%220%22%2F%3E%3C%2Fsvg%3E\" data-srcset=\"https:\/\/www.gfmfotovoltaica.com\/wp-content\/uploads\/2025\/06\/DSC5345-200x300.jpg 200w, https:\/\/www.gfmfotovoltaica.com\/wp-content\/uploads\/2025\/06\/DSC5345-400x600.jpg 400w, https:\/\/www.gfmfotovoltaica.com\/wp-content\/uploads\/2025\/06\/DSC5345-600x900.jpg 600w, https:\/\/www.gfmfotovoltaica.com\/wp-content\/uploads\/2025\/06\/DSC5345-800x1200.jpg 800w, https:\/\/www.gfmfotovoltaica.com\/wp-content\/uploads\/2025\/06\/DSC5345-1200x1800.jpg 1200w, https:\/\/www.gfmfotovoltaica.com\/wp-content\/uploads\/2025\/06\/DSC5345-scaled.jpg 1707w\" data-sizes=\"auto\" data-orig-sizes=\"(min-width: 2200px) 100vw, (min-width: 784px) 463px, (min-width: 712px) 695px, (min-width: 640px) 712px, \" \/><\/a><\/div><\/div><div style=\"padding:5px;\" class=\"fusion-grid-column fusion-gallery-column fusion-gallery-column-3 hover-type-none\"><div class=\"fusion-gallery-image\"><a href=\"https:\/\/www.gfmfotovoltaica.com\/wp-content\/uploads\/2025\/06\/DSC06125-scaled.jpg\" rel=\"noreferrer\" data-rel=\"iLightbox[gallery_image_1]\" class=\"fusion-lightbox\" target=\"_self\"><img decoding=\"async\" src=\"https:\/\/www.gfmfotovoltaica.com\/wp-content\/uploads\/2025\/06\/DSC06125-scaled.jpg\" data-orig-src=\"https:\/\/www.gfmfotovoltaica.com\/wp-content\/uploads\/2025\/06\/DSC06125-scaled.jpg\" width=\"2560\" height=\"1707\" alt=\"\" title=\"DSC06125\" aria-label=\"DSC06125\" class=\"lazyload img-responsive wp-image-5194\" srcset=\"data:image\/svg+xml,%3Csvg%20xmlns%3D%27http%3A%2F%2Fwww.w3.org%2F2000%2Fsvg%27%20width%3D%272560%27%20height%3D%271707%27%20viewBox%3D%270%200%202560%201707%27%3E%3Crect%20width%3D%272560%27%20height%3D%271707%27%20fill-opacity%3D%220%22%2F%3E%3C%2Fsvg%3E\" data-srcset=\"https:\/\/www.gfmfotovoltaica.com\/wp-content\/uploads\/2025\/06\/DSC06125-200x133.jpg 200w, https:\/\/www.gfmfotovoltaica.com\/wp-content\/uploads\/2025\/06\/DSC06125-400x267.jpg 400w, https:\/\/www.gfmfotovoltaica.com\/wp-content\/uploads\/2025\/06\/DSC06125-600x400.jpg 600w, https:\/\/www.gfmfotovoltaica.com\/wp-content\/uploads\/2025\/06\/DSC06125-800x533.jpg 800w, https:\/\/www.gfmfotovoltaica.com\/wp-content\/uploads\/2025\/06\/DSC06125-1200x800.jpg 1200w, https:\/\/www.gfmfotovoltaica.com\/wp-content\/uploads\/2025\/06\/DSC06125-scaled.jpg 2560w\" data-sizes=\"auto\" data-orig-sizes=\"(min-width: 2200px) 100vw, (min-width: 784px) 463px, (min-width: 712px) 695px, (min-width: 640px) 712px, \" \/><\/a><\/div><\/div><div class=\"clearfix\"><\/div><div style=\"padding:5px;\" class=\"fusion-grid-column fusion-gallery-column fusion-gallery-column-3 hover-type-none\"><div class=\"fusion-gallery-image\"><a href=\"https:\/\/www.gfmfotovoltaica.com\/wp-content\/uploads\/2025\/06\/DSC06127-scaled.jpg\" rel=\"noreferrer\" data-rel=\"iLightbox[gallery_image_1]\" class=\"fusion-lightbox\" target=\"_self\"><img decoding=\"async\" src=\"https:\/\/www.gfmfotovoltaica.com\/wp-content\/uploads\/2025\/06\/DSC06127-scaled.jpg\" data-orig-src=\"https:\/\/www.gfmfotovoltaica.com\/wp-content\/uploads\/2025\/06\/DSC06127-scaled.jpg\" width=\"2560\" height=\"1707\" alt=\"\" title=\"DSC06127\" aria-label=\"DSC06127\" class=\"lazyload img-responsive wp-image-5197\" srcset=\"data:image\/svg+xml,%3Csvg%20xmlns%3D%27http%3A%2F%2Fwww.w3.org%2F2000%2Fsvg%27%20width%3D%272560%27%20height%3D%271707%27%20viewBox%3D%270%200%202560%201707%27%3E%3Crect%20width%3D%272560%27%20height%3D%271707%27%20fill-opacity%3D%220%22%2F%3E%3C%2Fsvg%3E\" data-srcset=\"https:\/\/www.gfmfotovoltaica.com\/wp-content\/uploads\/2025\/06\/DSC06127-200x133.jpg 200w, https:\/\/www.gfmfotovoltaica.com\/wp-content\/uploads\/2025\/06\/DSC06127-400x267.jpg 400w, https:\/\/www.gfmfotovoltaica.com\/wp-content\/uploads\/2025\/06\/DSC06127-600x400.jpg 600w, https:\/\/www.gfmfotovoltaica.com\/wp-content\/uploads\/2025\/06\/DSC06127-800x533.jpg 800w, https:\/\/www.gfmfotovoltaica.com\/wp-content\/uploads\/2025\/06\/DSC06127-1200x800.jpg 1200w, https:\/\/www.gfmfotovoltaica.com\/wp-content\/uploads\/2025\/06\/DSC06127-scaled.jpg 2560w\" data-sizes=\"auto\" data-orig-sizes=\"(min-width: 2200px) 100vw, (min-width: 784px) 463px, (min-width: 712px) 695px, (min-width: 640px) 712px, \" \/><\/a><\/div><\/div><div style=\"padding:5px;\" class=\"fusion-grid-column fusion-gallery-column fusion-gallery-column-3 hover-type-none\"><div class=\"fusion-gallery-image\"><a href=\"https:\/\/www.gfmfotovoltaica.com\/wp-content\/uploads\/2025\/06\/DSC06131-scaled.jpg\" rel=\"noreferrer\" data-rel=\"iLightbox[gallery_image_1]\" class=\"fusion-lightbox\" target=\"_self\"><img decoding=\"async\" src=\"https:\/\/www.gfmfotovoltaica.com\/wp-content\/uploads\/2025\/06\/DSC06131-scaled.jpg\" data-orig-src=\"https:\/\/www.gfmfotovoltaica.com\/wp-content\/uploads\/2025\/06\/DSC06131-scaled.jpg\" width=\"2560\" height=\"1707\" alt=\"\" title=\"DSC06131\" aria-label=\"DSC06131\" class=\"lazyload img-responsive wp-image-5200\" srcset=\"data:image\/svg+xml,%3Csvg%20xmlns%3D%27http%3A%2F%2Fwww.w3.org%2F2000%2Fsvg%27%20width%3D%272560%27%20height%3D%271707%27%20viewBox%3D%270%200%202560%201707%27%3E%3Crect%20width%3D%272560%27%20height%3D%271707%27%20fill-opacity%3D%220%22%2F%3E%3C%2Fsvg%3E\" data-srcset=\"https:\/\/www.gfmfotovoltaica.com\/wp-content\/uploads\/2025\/06\/DSC06131-200x133.jpg 200w, https:\/\/www.gfmfotovoltaica.com\/wp-content\/uploads\/2025\/06\/DSC06131-400x267.jpg 400w, https:\/\/www.gfmfotovoltaica.com\/wp-content\/uploads\/2025\/06\/DSC06131-600x400.jpg 600w, https:\/\/www.gfmfotovoltaica.com\/wp-content\/uploads\/2025\/06\/DSC06131-800x533.jpg 800w, https:\/\/www.gfmfotovoltaica.com\/wp-content\/uploads\/2025\/06\/DSC06131-1200x800.jpg 1200w, https:\/\/www.gfmfotovoltaica.com\/wp-content\/uploads\/2025\/06\/DSC06131-scaled.jpg 2560w\" data-sizes=\"auto\" data-orig-sizes=\"(min-width: 2200px) 100vw, (min-width: 784px) 463px, (min-width: 712px) 695px, (min-width: 640px) 712px, \" \/><\/a><\/div><\/div><div style=\"padding:5px;\" class=\"fusion-grid-column fusion-gallery-column fusion-gallery-column-3 hover-type-none\"><div class=\"fusion-gallery-image\"><a href=\"https:\/\/www.gfmfotovoltaica.com\/wp-content\/uploads\/2025\/06\/DSC06172-scaled.jpg\" rel=\"noreferrer\" data-rel=\"iLightbox[gallery_image_1]\" class=\"fusion-lightbox\" target=\"_self\"><img decoding=\"async\" src=\"https:\/\/www.gfmfotovoltaica.com\/wp-content\/uploads\/2025\/06\/DSC06172-scaled.jpg\" data-orig-src=\"https:\/\/www.gfmfotovoltaica.com\/wp-content\/uploads\/2025\/06\/DSC06172-scaled.jpg\" width=\"2560\" height=\"1707\" alt=\"\" title=\"DSC06172\" aria-label=\"DSC06172\" class=\"lazyload img-responsive wp-image-5206\" srcset=\"data:image\/svg+xml,%3Csvg%20xmlns%3D%27http%3A%2F%2Fwww.w3.org%2F2000%2Fsvg%27%20width%3D%272560%27%20height%3D%271707%27%20viewBox%3D%270%200%202560%201707%27%3E%3Crect%20width%3D%272560%27%20height%3D%271707%27%20fill-opacity%3D%220%22%2F%3E%3C%2Fsvg%3E\" data-srcset=\"https:\/\/www.gfmfotovoltaica.com\/wp-content\/uploads\/2025\/06\/DSC06172-200x133.jpg 200w, https:\/\/www.gfmfotovoltaica.com\/wp-content\/uploads\/2025\/06\/DSC06172-400x267.jpg 400w, https:\/\/www.gfmfotovoltaica.com\/wp-content\/uploads\/2025\/06\/DSC06172-600x400.jpg 600w, https:\/\/www.gfmfotovoltaica.com\/wp-content\/uploads\/2025\/06\/DSC06172-800x533.jpg 800w, https:\/\/www.gfmfotovoltaica.com\/wp-content\/uploads\/2025\/06\/DSC06172-1200x800.jpg 1200w, https:\/\/www.gfmfotovoltaica.com\/wp-content\/uploads\/2025\/06\/DSC06172-scaled.jpg 2560w\" data-sizes=\"auto\" data-orig-sizes=\"(min-width: 2200px) 100vw, (min-width: 784px) 463px, (min-width: 712px) 695px, (min-width: 640px) 712px, \" \/><\/a><\/div><\/div><div class=\"clearfix\"><\/div><div style=\"padding:5px;\" class=\"fusion-grid-column fusion-gallery-column fusion-gallery-column-3 hover-type-none\"><div class=\"fusion-gallery-image\"><a href=\"https:\/\/www.gfmfotovoltaica.com\/wp-content\/uploads\/2025\/06\/WhatsApp-Image-2025-06-03-at-12.58.43-2.jpeg\" rel=\"noreferrer\" data-rel=\"iLightbox[gallery_image_1]\" class=\"fusion-lightbox\" target=\"_self\"><img decoding=\"async\" src=\"https:\/\/www.gfmfotovoltaica.com\/wp-content\/uploads\/2025\/06\/WhatsApp-Image-2025-06-03-at-12.58.43-2.jpeg\" data-orig-src=\"https:\/\/www.gfmfotovoltaica.com\/wp-content\/uploads\/2025\/06\/WhatsApp-Image-2025-06-03-at-12.58.43-2.jpeg\" width=\"1536\" height=\"2048\" alt=\"\" title=\"WhatsApp Image 2025-06-03 at 12.58.43 (2)\" aria-label=\"WhatsApp Image 2025-06-03 at 12.58.43 (2)\" class=\"lazyload img-responsive wp-image-5212\" srcset=\"data:image\/svg+xml,%3Csvg%20xmlns%3D%27http%3A%2F%2Fwww.w3.org%2F2000%2Fsvg%27%20width%3D%271536%27%20height%3D%272048%27%20viewBox%3D%270%200%201536%202048%27%3E%3Crect%20width%3D%271536%27%20height%3D%272048%27%20fill-opacity%3D%220%22%2F%3E%3C%2Fsvg%3E\" data-srcset=\"https:\/\/www.gfmfotovoltaica.com\/wp-content\/uploads\/2025\/06\/WhatsApp-Image-2025-06-03-at-12.58.43-2-200x267.jpeg 200w, https:\/\/www.gfmfotovoltaica.com\/wp-content\/uploads\/2025\/06\/WhatsApp-Image-2025-06-03-at-12.58.43-2-400x533.jpeg 400w, https:\/\/www.gfmfotovoltaica.com\/wp-content\/uploads\/2025\/06\/WhatsApp-Image-2025-06-03-at-12.58.43-2-600x800.jpeg 600w, https:\/\/www.gfmfotovoltaica.com\/wp-content\/uploads\/2025\/06\/WhatsApp-Image-2025-06-03-at-12.58.43-2-800x1067.jpeg 800w, https:\/\/www.gfmfotovoltaica.com\/wp-content\/uploads\/2025\/06\/WhatsApp-Image-2025-06-03-at-12.58.43-2-1200x1600.jpeg 1200w, https:\/\/www.gfmfotovoltaica.com\/wp-content\/uploads\/2025\/06\/WhatsApp-Image-2025-06-03-at-12.58.43-2.jpeg 1536w\" data-sizes=\"auto\" data-orig-sizes=\"(min-width: 2200px) 100vw, (min-width: 784px) 463px, (min-width: 712px) 695px, (min-width: 640px) 712px, \" \/><\/a><\/div><\/div><div style=\"padding:5px;\" class=\"fusion-grid-column fusion-gallery-column fusion-gallery-column-3 hover-type-none\"><div class=\"fusion-gallery-image\"><a href=\"https:\/\/www.gfmfotovoltaica.com\/wp-content\/uploads\/2025\/06\/WhatsApp-Image-2025-06-03-at-12.58.42.jpeg\" rel=\"noreferrer\" data-rel=\"iLightbox[gallery_image_1]\" class=\"fusion-lightbox\" target=\"_self\"><img decoding=\"async\" src=\"https:\/\/www.gfmfotovoltaica.com\/wp-content\/uploads\/2025\/06\/WhatsApp-Image-2025-06-03-at-12.58.42.jpeg\" data-orig-src=\"https:\/\/www.gfmfotovoltaica.com\/wp-content\/uploads\/2025\/06\/WhatsApp-Image-2025-06-03-at-12.58.42.jpeg\" width=\"1536\" height=\"2048\" alt=\"\" title=\"WhatsApp Image 2025-06-03 at 12.58.42\" aria-label=\"WhatsApp Image 2025-06-03 at 12.58.42\" class=\"lazyload img-responsive wp-image-5209\" srcset=\"data:image\/svg+xml,%3Csvg%20xmlns%3D%27http%3A%2F%2Fwww.w3.org%2F2000%2Fsvg%27%20width%3D%271536%27%20height%3D%272048%27%20viewBox%3D%270%200%201536%202048%27%3E%3Crect%20width%3D%271536%27%20height%3D%272048%27%20fill-opacity%3D%220%22%2F%3E%3C%2Fsvg%3E\" data-srcset=\"https:\/\/www.gfmfotovoltaica.com\/wp-content\/uploads\/2025\/06\/WhatsApp-Image-2025-06-03-at-12.58.42-200x267.jpeg 200w, https:\/\/www.gfmfotovoltaica.com\/wp-content\/uploads\/2025\/06\/WhatsApp-Image-2025-06-03-at-12.58.42-400x533.jpeg 400w, https:\/\/www.gfmfotovoltaica.com\/wp-content\/uploads\/2025\/06\/WhatsApp-Image-2025-06-03-at-12.58.42-600x800.jpeg 600w, https:\/\/www.gfmfotovoltaica.com\/wp-content\/uploads\/2025\/06\/WhatsApp-Image-2025-06-03-at-12.58.42-800x1067.jpeg 800w, https:\/\/www.gfmfotovoltaica.com\/wp-content\/uploads\/2025\/06\/WhatsApp-Image-2025-06-03-at-12.58.42-1200x1600.jpeg 1200w, https:\/\/www.gfmfotovoltaica.com\/wp-content\/uploads\/2025\/06\/WhatsApp-Image-2025-06-03-at-12.58.42.jpeg 1536w\" data-sizes=\"auto\" data-orig-sizes=\"(min-width: 2200px) 100vw, (min-width: 784px) 463px, (min-width: 712px) 695px, (min-width: 640px) 712px, \" \/><\/a><\/div><\/div><div style=\"padding:5px;\" class=\"fusion-grid-column fusion-gallery-column fusion-gallery-column-3 hover-type-none\"><div class=\"fusion-gallery-image\"><a href=\"https:\/\/www.gfmfotovoltaica.com\/wp-content\/uploads\/2025\/06\/DSC6537-scaled.jpg\" rel=\"noreferrer\" data-rel=\"iLightbox[gallery_image_1]\" class=\"fusion-lightbox\" target=\"_self\"><img decoding=\"async\" src=\"https:\/\/www.gfmfotovoltaica.com\/wp-content\/uploads\/2025\/06\/DSC6537-scaled.jpg\" data-orig-src=\"https:\/\/www.gfmfotovoltaica.com\/wp-content\/uploads\/2025\/06\/DSC6537-scaled.jpg\" width=\"2560\" height=\"1707\" alt=\"\" title=\"_DSC6537\" aria-label=\"_DSC6537\" class=\"lazyload img-responsive wp-image-5227\" srcset=\"data:image\/svg+xml,%3Csvg%20xmlns%3D%27http%3A%2F%2Fwww.w3.org%2F2000%2Fsvg%27%20width%3D%272560%27%20height%3D%271707%27%20viewBox%3D%270%200%202560%201707%27%3E%3Crect%20width%3D%272560%27%20height%3D%271707%27%20fill-opacity%3D%220%22%2F%3E%3C%2Fsvg%3E\" data-srcset=\"https:\/\/www.gfmfotovoltaica.com\/wp-content\/uploads\/2025\/06\/DSC6537-200x133.jpg 200w, https:\/\/www.gfmfotovoltaica.com\/wp-content\/uploads\/2025\/06\/DSC6537-400x267.jpg 400w, https:\/\/www.gfmfotovoltaica.com\/wp-content\/uploads\/2025\/06\/DSC6537-600x400.jpg 600w, https:\/\/www.gfmfotovoltaica.com\/wp-content\/uploads\/2025\/06\/DSC6537-800x533.jpg 800w, https:\/\/www.gfmfotovoltaica.com\/wp-content\/uploads\/2025\/06\/DSC6537-1200x800.jpg 1200w, https:\/\/www.gfmfotovoltaica.com\/wp-content\/uploads\/2025\/06\/DSC6537-scaled.jpg 2560w\" data-sizes=\"auto\" data-orig-sizes=\"(min-width: 2200px) 100vw, (min-width: 784px) 463px, (min-width: 712px) 695px, (min-width: 640px) 712px, \" \/><\/a><\/div><\/div><div class=\"clearfix\"><\/div><div style=\"padding:5px;\" class=\"fusion-grid-column fusion-gallery-column fusion-gallery-column-3 hover-type-none\"><div class=\"fusion-gallery-image\"><a href=\"https:\/\/www.gfmfotovoltaica.com\/wp-content\/uploads\/2025\/06\/DSC06160-scaled.jpg\" rel=\"noreferrer\" data-rel=\"iLightbox[gallery_image_1]\" class=\"fusion-lightbox\" target=\"_self\"><img decoding=\"async\" src=\"https:\/\/www.gfmfotovoltaica.com\/wp-content\/uploads\/2025\/06\/DSC06160-scaled.jpg\" data-orig-src=\"https:\/\/www.gfmfotovoltaica.com\/wp-content\/uploads\/2025\/06\/DSC06160-scaled.jpg\" width=\"2560\" height=\"1707\" alt=\"\" title=\"DSC06160\" aria-label=\"DSC06160\" class=\"lazyload img-responsive wp-image-5231\" srcset=\"data:image\/svg+xml,%3Csvg%20xmlns%3D%27http%3A%2F%2Fwww.w3.org%2F2000%2Fsvg%27%20width%3D%272560%27%20height%3D%271707%27%20viewBox%3D%270%200%202560%201707%27%3E%3Crect%20width%3D%272560%27%20height%3D%271707%27%20fill-opacity%3D%220%22%2F%3E%3C%2Fsvg%3E\" data-srcset=\"https:\/\/www.gfmfotovoltaica.com\/wp-content\/uploads\/2025\/06\/DSC06160-200x133.jpg 200w, https:\/\/www.gfmfotovoltaica.com\/wp-content\/uploads\/2025\/06\/DSC06160-400x267.jpg 400w, https:\/\/www.gfmfotovoltaica.com\/wp-content\/uploads\/2025\/06\/DSC06160-600x400.jpg 600w, https:\/\/www.gfmfotovoltaica.com\/wp-content\/uploads\/2025\/06\/DSC06160-800x533.jpg 800w, https:\/\/www.gfmfotovoltaica.com\/wp-content\/uploads\/2025\/06\/DSC06160-1200x800.jpg 1200w, https:\/\/www.gfmfotovoltaica.com\/wp-content\/uploads\/2025\/06\/DSC06160-scaled.jpg 2560w\" data-sizes=\"auto\" data-orig-sizes=\"(min-width: 2200px) 100vw, (min-width: 784px) 463px, (min-width: 712px) 695px, (min-width: 640px) 712px, \" \/><\/a><\/div><\/div><\/div><\/div><\/div><\/div><\/div><\/div><div class=\"fusion-fullwidth fullwidth-box fusion-builder-row-2 fusion-flex-container has-pattern-background has-mask-background nonhundred-percent-fullwidth non-hundred-percent-height-scrolling\" style=\"--awb-border-radius-top-left:0px;--awb-border-radius-top-right:0px;--awb-border-radius-bottom-right:0px;--awb-border-radius-bottom-left:0px;--awb-background-color:var(--awb-color7);--awb-flex-wrap:wrap;\" ><div class=\"fusion-builder-row fusion-row fusion-flex-align-items-flex-start fusion-flex-content-wrap\" style=\"max-width:1456px;margin-left: calc(-4% \/ 2 );margin-right: calc(-4% \/ 2 );\"><div class=\"fusion-layout-column fusion_builder_column fusion-builder-column-1 fusion_builder_column_1_1 1_1 fusion-flex-column\" style=\"--awb-bg-size:cover;--awb-width-large:100%;--awb-margin-top-large:0px;--awb-spacing-right-large:1.92%;--awb-margin-bottom-large:20px;--awb-spacing-left-large:1.92%;--awb-width-medium:100%;--awb-order-medium:0;--awb-spacing-right-medium:1.92%;--awb-spacing-left-medium:1.92%;--awb-width-small:100%;--awb-order-small:0;--awb-spacing-right-small:1.92%;--awb-spacing-left-small:1.92%;\"><div class=\"fusion-column-wrapper fusion-column-has-shadow fusion-flex-justify-content-flex-start fusion-content-layout-column\">\n<div class=\"wpcf7 no-js\" id=\"wpcf7-f104-o1\" lang=\"es-ES\" dir=\"ltr\" data-wpcf7-id=\"104\">\n<div class=\"screen-reader-response\"><p role=\"status\" aria-live=\"polite\" aria-atomic=\"true\"><\/p> <ul><\/ul><\/div>\n<form action=\"\/fr\/wp-json\/wp\/v2\/posts\/5237#wpcf7-f104-o1\" method=\"post\" class=\"wpcf7-form init\" aria-label=\"Formulario de contacto\" novalidate=\"novalidate\" data-status=\"init\">\n<fieldset class=\"hidden-fields-container\"><input type=\"hidden\" name=\"_wpcf7\" value=\"104\" \/><input type=\"hidden\" name=\"_wpcf7_version\" value=\"6.1.5\" \/><input type=\"hidden\" name=\"_wpcf7_locale\" value=\"es_ES\" \/><input type=\"hidden\" name=\"_wpcf7_unit_tag\" value=\"wpcf7-f104-o1\" \/><input type=\"hidden\" name=\"_wpcf7_container_post\" value=\"0\" \/><input type=\"hidden\" name=\"_wpcf7_posted_data_hash\" value=\"\" \/>\n<\/fieldset>\n<div id=\"responsive-form\" class=\"clearfix\">\n\t<div class=\"form-row\">\n\t\t<div class=\"column-half\">\n\t\t\t<p><span class=\"wpcf7-form-control-wrap\" data-name=\"nombre\"><input size=\"40\" maxlength=\"400\" class=\"wpcf7-form-control wpcf7-text wpcf7-validates-as-required\" aria-required=\"true\" aria-invalid=\"false\" placeholder=\"Nombre*\" value=\"\" type=\"text\" name=\"nombre\" \/><\/span>\n\t\t\t<\/p>\n\t\t<\/div>\n\t\t<div class=\"column-half\">\n\t\t\t<p><span class=\"wpcf7-form-control-wrap\" data-name=\"last-name\"><input size=\"40\" maxlength=\"400\" class=\"wpcf7-form-control wpcf7-text wpcf7-validates-as-required\" aria-required=\"true\" aria-invalid=\"false\" placeholder=\"Apellidos*\" value=\"\" type=\"text\" name=\"last-name\" \/><\/span>\n\t\t\t<\/p>\n\t\t<\/div>\n\t<\/div>\n\t<div class=\"form-row\">\n\t\t<div class=\"column-full\">\n\t\t\t<p><span class=\"wpcf7-form-control-wrap\" data-name=\"your-email\"><input size=\"40\" maxlength=\"400\" class=\"wpcf7-form-control wpcf7-email wpcf7-validates-as-required wpcf7-text wpcf7-validates-as-email\" aria-required=\"true\" aria-invalid=\"false\" placeholder=\"Correo electr\u00f3nico*\" value=\"\" type=\"email\" name=\"your-email\" \/><\/span>\n\t\t\t<\/p>\n\t\t<\/div>\n\t\t<div class=\"column-full\">\n\t\t\t<p><span class=\"wpcf7-form-control-wrap\" data-name=\"asunto\"><input size=\"40\" maxlength=\"400\" class=\"wpcf7-form-control wpcf7-text\" aria-invalid=\"false\" placeholder=\"Asunto\" value=\"\" type=\"text\" name=\"asunto\" \/><\/span>\n\t\t\t<\/p>\n\t\t<\/div>\n\t<\/div>\n\t<div class=\"form-row\">\n\t\t<div class=\"column-full\">\n\t\t\t<p><span class=\"wpcf7-form-control-wrap\" data-name=\"your-message\"><textarea cols=\"40\" rows=\"10\" maxlength=\"2000\" class=\"wpcf7-form-control wpcf7-textarea wpcf7-validates-as-required\" aria-required=\"true\" aria-invalid=\"false\" placeholder=\"Mensaje*\" name=\"your-message\"><\/textarea><\/span>\n\t\t\t<\/p>\n\t\t<\/div>\n\t<\/div>\n\t<div class=\"form-row\">\n\t\t<div class=\"column-full\" style=\"color: #FFFFFF;\">\n\t\t\t<p><span class=\"wpcf7-form-control-wrap\" data-name=\"aceptacion\"><span class=\"wpcf7-form-control wpcf7-acceptance\"><span class=\"wpcf7-list-item\"><label><input type=\"checkbox\" name=\"aceptacion\" value=\"1\" aria-invalid=\"false\" \/><span class=\"wpcf7-list-item-label\">He le\u00eddo y acepto la <a href=\"\/wp-content\/uploads\/2024\/07\/2-POLITICA-DE-PRIVACIDAD.pdf\" target=\"_blank\" style=\"color: #FFFFFF;\">Pol\u00edtica de Privacidad<\/a><\/span><\/label><\/span><\/span><\/span>\n\t\t\t<\/p>\n\t\t<\/div>\n\t<\/div>\n\t<div class=\"form-row\">\n\t\t<div class=\"column-full\">\n\t\t\t<p><input class=\"wpcf7-form-control wpcf7-submit has-spinner\" type=\"submit\" value=\"ENVIAR\" \/>\n\t\t\t<\/p>\n\t\t<\/div>\n\t<\/div>\n<\/div><!--end responsive-form--><div class=\"fusion-alert alert custom alert-custom fusion-alert-center wpcf7-response-output awb-alert-native-link-color alert-dismissable awb-alert-close-boxed\" style=\"--awb-border-size:1px;--awb-border-top-left-radius:0px;--awb-border-top-right-radius:0px;--awb-border-bottom-left-radius:0px;--awb-border-bottom-right-radius:0px;\" role=\"alert\"><div class=\"fusion-alert-content-wrapper\"><span class=\"fusion-alert-content\"><\/span><\/div><button type=\"button\" class=\"close toggle-alert\" data-dismiss=\"alert\" aria-label=\"Close\">&times;<\/button><\/div>\n<\/form>\n<\/div>\n<\/div><\/div><\/div><\/div><\/p>\n","protected":false},"excerpt":{"rendered":"","protected":false},"author":7,"featured_media":5224,"comment_status":"open","ping_status":"open","sticky":false,"template":"","format":"standard","meta":{"footnotes":""},"categories":[108,128],"tags":[],"class_list":["post-5237","post","type-post","status-publish","format-standard","has-post-thumbnail","hentry","category-energies-renouvelables","category-gfm-3"],"yoast_head":"<!-- This site is optimized with the Yoast SEO plugin v27.2 - https:\/\/yoast.com\/product\/yoast-seo-wordpress\/ -->\n<title>GFM c\u00e9l\u00e8bre son 25e anniversaire en r\u00e9affirmant son engagement dans le secteur des \u00e9nergies renouvelables. - GFM Fotovoltaica<\/title>\n<meta name=\"description\" content=\"GFM a c\u00e9l\u00e9br\u00e9 son 25e anniversaire en r\u00e9affirmant son engagement dans le secteur des \u00e9nergies renouvelables.\" \/>\n<meta name=\"robots\" content=\"index, follow, max-snippet:-1, max-image-preview:large, max-video-preview:-1\" \/>\n<link rel=\"canonical\" href=\"https:\/\/www.gfmfotovoltaica.com\/fr\/bloguer\/gfm-celebre-son-25e-anniversaire-en-reaffirmant-son-engagement-dans-le-secteur-des-energies-renouvelables\/\" \/>\n<meta property=\"og:locale\" content=\"fr_FR\" \/>\n<meta property=\"og:type\" content=\"article\" \/>\n<meta property=\"og:title\" content=\"GFM c\u00e9l\u00e8bre son 25e anniversaire en r\u00e9affirmant son engagement dans le secteur des \u00e9nergies renouvelables. - GFM Fotovoltaica\" \/>\n<meta property=\"og:description\" content=\"GFM a c\u00e9l\u00e9br\u00e9 son 25e anniversaire en r\u00e9affirmant son engagement dans le secteur des \u00e9nergies renouvelables.\" \/>\n<meta property=\"og:url\" content=\"https:\/\/www.gfmfotovoltaica.com\/fr\/bloguer\/gfm-celebre-son-25e-anniversaire-en-reaffirmant-son-engagement-dans-le-secteur-des-energies-renouvelables\/\" \/>\n<meta property=\"og:site_name\" content=\"GFM Fotovoltaica\" \/>\n<meta property=\"article:published_time\" content=\"2025-06-04T10:11:42+00:00\" \/>\n<meta property=\"article:modified_time\" content=\"2025-06-04T11:18:16+00:00\" \/>\n<meta property=\"og:image\" content=\"https:\/\/www.gfmfotovoltaica.com\/wp-content\/uploads\/2025\/06\/WhatsApp-Image-2025-06-03-at-12.43.45.jpeg\" \/>\n\t<meta property=\"og:image:width\" content=\"2048\" \/>\n\t<meta property=\"og:image:height\" content=\"1536\" \/>\n\t<meta property=\"og:image:type\" content=\"image\/jpeg\" \/>\n<meta name=\"author\" content=\"gfmfotovoltaica\" \/>\n<meta name=\"twitter:card\" content=\"summary_large_image\" \/>\n<meta name=\"twitter:label1\" content=\"\u00c9crit par\" \/>\n\t<meta name=\"twitter:data1\" content=\"gfmfotovoltaica\" \/>\n\t<meta name=\"twitter:label2\" content=\"Dur\u00e9e de lecture estim\u00e9e\" \/>\n\t<meta name=\"twitter:data2\" content=\"10 minutes\" \/>\n<script type=\"application\/ld+json\" class=\"yoast-schema-graph\">{\"@context\":\"https:\/\/schema.org\",\"@graph\":[{\"@type\":\"Article\",\"@id\":\"https:\/\/www.gfmfotovoltaica.com\/fr\/bloguer\/gfm-celebre-son-25e-anniversaire-en-reaffirmant-son-engagement-dans-le-secteur-des-energies-renouvelables\/#article\",\"isPartOf\":{\"@id\":\"https:\/\/www.gfmfotovoltaica.com\/fr\/bloguer\/gfm-celebre-son-25e-anniversaire-en-reaffirmant-son-engagement-dans-le-secteur-des-energies-renouvelables\/\"},\"author\":{\"name\":\"gfmfotovoltaica\",\"@id\":\"https:\/\/www.gfmfotovoltaica.com\/fr\/#\/schema\/person\/938c415b4d044ae727749a5c1d51c6fb\"},\"headline\":\"GFM c\u00e9l\u00e8bre son 25e anniversaire en r\u00e9affirmant son engagement dans le secteur des \u00e9nergies renouvelables.\",\"datePublished\":\"2025-06-04T10:11:42+00:00\",\"dateModified\":\"2025-06-04T11:18:16+00:00\",\"mainEntityOfPage\":{\"@id\":\"https:\/\/www.gfmfotovoltaica.com\/fr\/bloguer\/gfm-celebre-son-25e-anniversaire-en-reaffirmant-son-engagement-dans-le-secteur-des-energies-renouvelables\/\"},\"wordCount\":3005,\"commentCount\":0,\"publisher\":{\"@id\":\"https:\/\/www.gfmfotovoltaica.com\/fr\/#organization\"},\"image\":{\"@id\":\"https:\/\/www.gfmfotovoltaica.com\/fr\/bloguer\/gfm-celebre-son-25e-anniversaire-en-reaffirmant-son-engagement-dans-le-secteur-des-energies-renouvelables\/#primaryimage\"},\"thumbnailUrl\":\"https:\/\/www.gfmfotovoltaica.com\/wp-content\/uploads\/2025\/06\/WhatsApp-Image-2025-06-03-at-12.43.45.jpeg\",\"articleSection\":[\"\u00c9nergies renouvelables\",\"GFM\"],\"inLanguage\":\"fr-FR\",\"potentialAction\":[{\"@type\":\"CommentAction\",\"name\":\"Comment\",\"target\":[\"https:\/\/www.gfmfotovoltaica.com\/fr\/bloguer\/gfm-celebre-son-25e-anniversaire-en-reaffirmant-son-engagement-dans-le-secteur-des-energies-renouvelables\/#respond\"]}]},{\"@type\":\"WebPage\",\"@id\":\"https:\/\/www.gfmfotovoltaica.com\/fr\/bloguer\/gfm-celebre-son-25e-anniversaire-en-reaffirmant-son-engagement-dans-le-secteur-des-energies-renouvelables\/\",\"url\":\"https:\/\/www.gfmfotovoltaica.com\/fr\/bloguer\/gfm-celebre-son-25e-anniversaire-en-reaffirmant-son-engagement-dans-le-secteur-des-energies-renouvelables\/\",\"name\":\"GFM c\u00e9l\u00e8bre son 25e anniversaire en r\u00e9affirmant son engagement dans le secteur des \u00e9nergies renouvelables. - GFM Fotovoltaica\",\"isPartOf\":{\"@id\":\"https:\/\/www.gfmfotovoltaica.com\/fr\/#website\"},\"primaryImageOfPage\":{\"@id\":\"https:\/\/www.gfmfotovoltaica.com\/fr\/bloguer\/gfm-celebre-son-25e-anniversaire-en-reaffirmant-son-engagement-dans-le-secteur-des-energies-renouvelables\/#primaryimage\"},\"image\":{\"@id\":\"https:\/\/www.gfmfotovoltaica.com\/fr\/bloguer\/gfm-celebre-son-25e-anniversaire-en-reaffirmant-son-engagement-dans-le-secteur-des-energies-renouvelables\/#primaryimage\"},\"thumbnailUrl\":\"https:\/\/www.gfmfotovoltaica.com\/wp-content\/uploads\/2025\/06\/WhatsApp-Image-2025-06-03-at-12.43.45.jpeg\",\"datePublished\":\"2025-06-04T10:11:42+00:00\",\"dateModified\":\"2025-06-04T11:18:16+00:00\",\"description\":\"GFM a c\u00e9l\u00e9br\u00e9 son 25e anniversaire en r\u00e9affirmant son engagement dans le secteur des \u00e9nergies renouvelables.\",\"breadcrumb\":{\"@id\":\"https:\/\/www.gfmfotovoltaica.com\/fr\/bloguer\/gfm-celebre-son-25e-anniversaire-en-reaffirmant-son-engagement-dans-le-secteur-des-energies-renouvelables\/#breadcrumb\"},\"inLanguage\":\"fr-FR\",\"potentialAction\":[{\"@type\":\"ReadAction\",\"target\":[\"https:\/\/www.gfmfotovoltaica.com\/fr\/bloguer\/gfm-celebre-son-25e-anniversaire-en-reaffirmant-son-engagement-dans-le-secteur-des-energies-renouvelables\/\"]}]},{\"@type\":\"ImageObject\",\"inLanguage\":\"fr-FR\",\"@id\":\"https:\/\/www.gfmfotovoltaica.com\/fr\/bloguer\/gfm-celebre-son-25e-anniversaire-en-reaffirmant-son-engagement-dans-le-secteur-des-energies-renouvelables\/#primaryimage\",\"url\":\"https:\/\/www.gfmfotovoltaica.com\/wp-content\/uploads\/2025\/06\/WhatsApp-Image-2025-06-03-at-12.43.45.jpeg\",\"contentUrl\":\"https:\/\/www.gfmfotovoltaica.com\/wp-content\/uploads\/2025\/06\/WhatsApp-Image-2025-06-03-at-12.43.45.jpeg\",\"width\":2048,\"height\":1536},{\"@type\":\"BreadcrumbList\",\"@id\":\"https:\/\/www.gfmfotovoltaica.com\/fr\/bloguer\/gfm-celebre-son-25e-anniversaire-en-reaffirmant-son-engagement-dans-le-secteur-des-energies-renouvelables\/#breadcrumb\",\"itemListElement\":[{\"@type\":\"ListItem\",\"position\":1,\"name\":\"Portada\",\"item\":\"https:\/\/www.gfmfotovoltaica.com\/fr\/\"},{\"@type\":\"ListItem\",\"position\":2,\"name\":\"GFM c\u00e9l\u00e8bre son 25e anniversaire en r\u00e9affirmant son engagement dans le secteur des \u00e9nergies renouvelables.\"}]},{\"@type\":\"WebSite\",\"@id\":\"https:\/\/www.gfmfotovoltaica.com\/fr\/#website\",\"url\":\"https:\/\/www.gfmfotovoltaica.com\/fr\/\",\"name\":\"gfmfotovoltaica.com\",\"description\":\"Autoconsumo e Innovaci\u00f3n\",\"publisher\":{\"@id\":\"https:\/\/www.gfmfotovoltaica.com\/fr\/#organization\"},\"potentialAction\":[{\"@type\":\"SearchAction\",\"target\":{\"@type\":\"EntryPoint\",\"urlTemplate\":\"https:\/\/www.gfmfotovoltaica.com\/fr\/?s={search_term_string}\"},\"query-input\":{\"@type\":\"PropertyValueSpecification\",\"valueRequired\":true,\"valueName\":\"search_term_string\"}}],\"inLanguage\":\"fr-FR\"},{\"@type\":\"Organization\",\"@id\":\"https:\/\/www.gfmfotovoltaica.com\/fr\/#organization\",\"name\":\"gfmfotovoltaica.com\",\"url\":\"https:\/\/www.gfmfotovoltaica.com\/fr\/\",\"logo\":{\"@type\":\"ImageObject\",\"inLanguage\":\"fr-FR\",\"@id\":\"https:\/\/www.gfmfotovoltaica.com\/fr\/#\/schema\/logo\/image\/\",\"url\":\"https:\/\/www.gfmfotovoltaica.com\/wp-content\/uploads\/2024\/09\/logo-gfm-desktop-opt.webp\",\"contentUrl\":\"https:\/\/www.gfmfotovoltaica.com\/wp-content\/uploads\/2024\/09\/logo-gfm-desktop-opt.webp\",\"width\":150,\"height\":59,\"caption\":\"gfmfotovoltaica.com\"},\"image\":{\"@id\":\"https:\/\/www.gfmfotovoltaica.com\/fr\/#\/schema\/logo\/image\/\"}},{\"@type\":\"Person\",\"@id\":\"https:\/\/www.gfmfotovoltaica.com\/fr\/#\/schema\/person\/938c415b4d044ae727749a5c1d51c6fb\",\"name\":\"gfmfotovoltaica\",\"image\":{\"@type\":\"ImageObject\",\"inLanguage\":\"fr-FR\",\"@id\":\"https:\/\/www.gfmfotovoltaica.com\/wp-content\/litespeed\/avatar\/53b0a8d72c280069d963e2819fe67142.jpg?ver=1777550771\",\"url\":\"https:\/\/www.gfmfotovoltaica.com\/wp-content\/litespeed\/avatar\/53b0a8d72c280069d963e2819fe67142.jpg?ver=1777550771\",\"contentUrl\":\"https:\/\/www.gfmfotovoltaica.com\/wp-content\/litespeed\/avatar\/53b0a8d72c280069d963e2819fe67142.jpg?ver=1777550771\",\"caption\":\"gfmfotovoltaica\"},\"url\":\"https:\/\/www.gfmfotovoltaica.com\/fr\/blog\/author\/gfmfotovoltaica\/\"}]}<\/script>\n<!-- \/ Yoast SEO plugin. -->","yoast_head_json":{"title":"GFM c\u00e9l\u00e8bre son 25e anniversaire en r\u00e9affirmant son engagement dans le secteur des \u00e9nergies renouvelables. - GFM Fotovoltaica","description":"GFM a c\u00e9l\u00e9br\u00e9 son 25e anniversaire en r\u00e9affirmant son engagement dans le secteur des \u00e9nergies renouvelables.","robots":{"index":"index","follow":"follow","max-snippet":"max-snippet:-1","max-image-preview":"max-image-preview:large","max-video-preview":"max-video-preview:-1"},"canonical":"https:\/\/www.gfmfotovoltaica.com\/fr\/bloguer\/gfm-celebre-son-25e-anniversaire-en-reaffirmant-son-engagement-dans-le-secteur-des-energies-renouvelables\/","og_locale":"fr_FR","og_type":"article","og_title":"GFM c\u00e9l\u00e8bre son 25e anniversaire en r\u00e9affirmant son engagement dans le secteur des \u00e9nergies renouvelables. - GFM Fotovoltaica","og_description":"GFM a c\u00e9l\u00e9br\u00e9 son 25e anniversaire en r\u00e9affirmant son engagement dans le secteur des \u00e9nergies renouvelables.","og_url":"https:\/\/www.gfmfotovoltaica.com\/fr\/bloguer\/gfm-celebre-son-25e-anniversaire-en-reaffirmant-son-engagement-dans-le-secteur-des-energies-renouvelables\/","og_site_name":"GFM Fotovoltaica","article_published_time":"2025-06-04T10:11:42+00:00","article_modified_time":"2025-06-04T11:18:16+00:00","og_image":[{"width":2048,"height":1536,"url":"https:\/\/www.gfmfotovoltaica.com\/wp-content\/uploads\/2025\/06\/WhatsApp-Image-2025-06-03-at-12.43.45.jpeg","type":"image\/jpeg"}],"author":"gfmfotovoltaica","twitter_card":"summary_large_image","twitter_misc":{"\u00c9crit par":"gfmfotovoltaica","Dur\u00e9e de lecture estim\u00e9e":"10 minutes"},"schema":{"@context":"https:\/\/schema.org","@graph":[{"@type":"Article","@id":"https:\/\/www.gfmfotovoltaica.com\/fr\/bloguer\/gfm-celebre-son-25e-anniversaire-en-reaffirmant-son-engagement-dans-le-secteur-des-energies-renouvelables\/#article","isPartOf":{"@id":"https:\/\/www.gfmfotovoltaica.com\/fr\/bloguer\/gfm-celebre-son-25e-anniversaire-en-reaffirmant-son-engagement-dans-le-secteur-des-energies-renouvelables\/"},"author":{"name":"gfmfotovoltaica","@id":"https:\/\/www.gfmfotovoltaica.com\/fr\/#\/schema\/person\/938c415b4d044ae727749a5c1d51c6fb"},"headline":"GFM c\u00e9l\u00e8bre son 25e anniversaire en r\u00e9affirmant son engagement dans le secteur des \u00e9nergies renouvelables.","datePublished":"2025-06-04T10:11:42+00:00","dateModified":"2025-06-04T11:18:16+00:00","mainEntityOfPage":{"@id":"https:\/\/www.gfmfotovoltaica.com\/fr\/bloguer\/gfm-celebre-son-25e-anniversaire-en-reaffirmant-son-engagement-dans-le-secteur-des-energies-renouvelables\/"},"wordCount":3005,"commentCount":0,"publisher":{"@id":"https:\/\/www.gfmfotovoltaica.com\/fr\/#organization"},"image":{"@id":"https:\/\/www.gfmfotovoltaica.com\/fr\/bloguer\/gfm-celebre-son-25e-anniversaire-en-reaffirmant-son-engagement-dans-le-secteur-des-energies-renouvelables\/#primaryimage"},"thumbnailUrl":"https:\/\/www.gfmfotovoltaica.com\/wp-content\/uploads\/2025\/06\/WhatsApp-Image-2025-06-03-at-12.43.45.jpeg","articleSection":["\u00c9nergies renouvelables","GFM"],"inLanguage":"fr-FR","potentialAction":[{"@type":"CommentAction","name":"Comment","target":["https:\/\/www.gfmfotovoltaica.com\/fr\/bloguer\/gfm-celebre-son-25e-anniversaire-en-reaffirmant-son-engagement-dans-le-secteur-des-energies-renouvelables\/#respond"]}]},{"@type":"WebPage","@id":"https:\/\/www.gfmfotovoltaica.com\/fr\/bloguer\/gfm-celebre-son-25e-anniversaire-en-reaffirmant-son-engagement-dans-le-secteur-des-energies-renouvelables\/","url":"https:\/\/www.gfmfotovoltaica.com\/fr\/bloguer\/gfm-celebre-son-25e-anniversaire-en-reaffirmant-son-engagement-dans-le-secteur-des-energies-renouvelables\/","name":"GFM c\u00e9l\u00e8bre son 25e anniversaire en r\u00e9affirmant son engagement dans le secteur des \u00e9nergies renouvelables. - GFM Fotovoltaica","isPartOf":{"@id":"https:\/\/www.gfmfotovoltaica.com\/fr\/#website"},"primaryImageOfPage":{"@id":"https:\/\/www.gfmfotovoltaica.com\/fr\/bloguer\/gfm-celebre-son-25e-anniversaire-en-reaffirmant-son-engagement-dans-le-secteur-des-energies-renouvelables\/#primaryimage"},"image":{"@id":"https:\/\/www.gfmfotovoltaica.com\/fr\/bloguer\/gfm-celebre-son-25e-anniversaire-en-reaffirmant-son-engagement-dans-le-secteur-des-energies-renouvelables\/#primaryimage"},"thumbnailUrl":"https:\/\/www.gfmfotovoltaica.com\/wp-content\/uploads\/2025\/06\/WhatsApp-Image-2025-06-03-at-12.43.45.jpeg","datePublished":"2025-06-04T10:11:42+00:00","dateModified":"2025-06-04T11:18:16+00:00","description":"GFM a c\u00e9l\u00e9br\u00e9 son 25e anniversaire en r\u00e9affirmant son engagement dans le secteur des \u00e9nergies renouvelables.","breadcrumb":{"@id":"https:\/\/www.gfmfotovoltaica.com\/fr\/bloguer\/gfm-celebre-son-25e-anniversaire-en-reaffirmant-son-engagement-dans-le-secteur-des-energies-renouvelables\/#breadcrumb"},"inLanguage":"fr-FR","potentialAction":[{"@type":"ReadAction","target":["https:\/\/www.gfmfotovoltaica.com\/fr\/bloguer\/gfm-celebre-son-25e-anniversaire-en-reaffirmant-son-engagement-dans-le-secteur-des-energies-renouvelables\/"]}]},{"@type":"ImageObject","inLanguage":"fr-FR","@id":"https:\/\/www.gfmfotovoltaica.com\/fr\/bloguer\/gfm-celebre-son-25e-anniversaire-en-reaffirmant-son-engagement-dans-le-secteur-des-energies-renouvelables\/#primaryimage","url":"https:\/\/www.gfmfotovoltaica.com\/wp-content\/uploads\/2025\/06\/WhatsApp-Image-2025-06-03-at-12.43.45.jpeg","contentUrl":"https:\/\/www.gfmfotovoltaica.com\/wp-content\/uploads\/2025\/06\/WhatsApp-Image-2025-06-03-at-12.43.45.jpeg","width":2048,"height":1536},{"@type":"BreadcrumbList","@id":"https:\/\/www.gfmfotovoltaica.com\/fr\/bloguer\/gfm-celebre-son-25e-anniversaire-en-reaffirmant-son-engagement-dans-le-secteur-des-energies-renouvelables\/#breadcrumb","itemListElement":[{"@type":"ListItem","position":1,"name":"Portada","item":"https:\/\/www.gfmfotovoltaica.com\/fr\/"},{"@type":"ListItem","position":2,"name":"GFM c\u00e9l\u00e8bre son 25e anniversaire en r\u00e9affirmant son engagement dans le secteur des \u00e9nergies renouvelables."}]},{"@type":"WebSite","@id":"https:\/\/www.gfmfotovoltaica.com\/fr\/#website","url":"https:\/\/www.gfmfotovoltaica.com\/fr\/","name":"gfmfotovoltaica.com","description":"Autoconsumo e Innovaci\u00f3n","publisher":{"@id":"https:\/\/www.gfmfotovoltaica.com\/fr\/#organization"},"potentialAction":[{"@type":"SearchAction","target":{"@type":"EntryPoint","urlTemplate":"https:\/\/www.gfmfotovoltaica.com\/fr\/?s={search_term_string}"},"query-input":{"@type":"PropertyValueSpecification","valueRequired":true,"valueName":"search_term_string"}}],"inLanguage":"fr-FR"},{"@type":"Organization","@id":"https:\/\/www.gfmfotovoltaica.com\/fr\/#organization","name":"gfmfotovoltaica.com","url":"https:\/\/www.gfmfotovoltaica.com\/fr\/","logo":{"@type":"ImageObject","inLanguage":"fr-FR","@id":"https:\/\/www.gfmfotovoltaica.com\/fr\/#\/schema\/logo\/image\/","url":"https:\/\/www.gfmfotovoltaica.com\/wp-content\/uploads\/2024\/09\/logo-gfm-desktop-opt.webp","contentUrl":"https:\/\/www.gfmfotovoltaica.com\/wp-content\/uploads\/2024\/09\/logo-gfm-desktop-opt.webp","width":150,"height":59,"caption":"gfmfotovoltaica.com"},"image":{"@id":"https:\/\/www.gfmfotovoltaica.com\/fr\/#\/schema\/logo\/image\/"}},{"@type":"Person","@id":"https:\/\/www.gfmfotovoltaica.com\/fr\/#\/schema\/person\/938c415b4d044ae727749a5c1d51c6fb","name":"gfmfotovoltaica","image":{"@type":"ImageObject","inLanguage":"fr-FR","@id":"https:\/\/www.gfmfotovoltaica.com\/wp-content\/litespeed\/avatar\/53b0a8d72c280069d963e2819fe67142.jpg?ver=1777550771","url":"https:\/\/www.gfmfotovoltaica.com\/wp-content\/litespeed\/avatar\/53b0a8d72c280069d963e2819fe67142.jpg?ver=1777550771","contentUrl":"https:\/\/www.gfmfotovoltaica.com\/wp-content\/litespeed\/avatar\/53b0a8d72c280069d963e2819fe67142.jpg?ver=1777550771","caption":"gfmfotovoltaica"},"url":"https:\/\/www.gfmfotovoltaica.com\/fr\/blog\/author\/gfmfotovoltaica\/"}]}},"_links":{"self":[{"href":"https:\/\/www.gfmfotovoltaica.com\/fr\/wp-json\/wp\/v2\/posts\/5237","targetHints":{"allow":["GET"]}}],"collection":[{"href":"https:\/\/www.gfmfotovoltaica.com\/fr\/wp-json\/wp\/v2\/posts"}],"about":[{"href":"https:\/\/www.gfmfotovoltaica.com\/fr\/wp-json\/wp\/v2\/types\/post"}],"author":[{"embeddable":true,"href":"https:\/\/www.gfmfotovoltaica.com\/fr\/wp-json\/wp\/v2\/users\/7"}],"replies":[{"embeddable":true,"href":"https:\/\/www.gfmfotovoltaica.com\/fr\/wp-json\/wp\/v2\/comments?post=5237"}],"version-history":[{"count":1,"href":"https:\/\/www.gfmfotovoltaica.com\/fr\/wp-json\/wp\/v2\/posts\/5237\/revisions"}],"predecessor-version":[{"id":5238,"href":"https:\/\/www.gfmfotovoltaica.com\/fr\/wp-json\/wp\/v2\/posts\/5237\/revisions\/5238"}],"wp:featuredmedia":[{"embeddable":true,"href":"https:\/\/www.gfmfotovoltaica.com\/fr\/wp-json\/wp\/v2\/media\/5224"}],"wp:attachment":[{"href":"https:\/\/www.gfmfotovoltaica.com\/fr\/wp-json\/wp\/v2\/media?parent=5237"}],"wp:term":[{"taxonomy":"category","embeddable":true,"href":"https:\/\/www.gfmfotovoltaica.com\/fr\/wp-json\/wp\/v2\/categories?post=5237"},{"taxonomy":"post_tag","embeddable":true,"href":"https:\/\/www.gfmfotovoltaica.com\/fr\/wp-json\/wp\/v2\/tags?post=5237"}],"curies":[{"name":"wp","href":"https:\/\/api.w.org\/{rel}","templated":true}]}}