{"id":6199,"date":"2026-03-13T11:17:26","date_gmt":"2026-03-13T11:17:26","guid":{"rendered":"https:\/\/www.gfmfotovoltaica.com\/?p=6199"},"modified":"2026-03-13T11:17:26","modified_gmt":"2026-03-13T11:17:26","slug":"javier-bustos-recoit-le-prix-professionnel-de-lannee-en-comex-lors-du-vie-congres-international-tucomex-a-bruxelles","status":"publish","type":"post","link":"https:\/\/www.gfmfotovoltaica.com\/fr\/bloguer\/javier-bustos-recoit-le-prix-professionnel-de-lannee-en-comex-lors-du-vie-congres-international-tucomex-a-bruxelles\/","title":{"rendered":"Javier Bustos re\u00e7oit le Prix &lsquo;Professionnel de l&rsquo;Ann\u00e9e en Comex&rsquo; lors du VIe Congr\u00e8s International TuComex \u00e0 Bruxelles"},"content":{"rendered":"<div class=\"fusion-fullwidth fullwidth-box fusion-builder-row-1 fusion-flex-container has-pattern-background has-mask-background nonhundred-percent-fullwidth non-hundred-percent-height-scrolling\" style=\"--awb-border-radius-top-left:0px;--awb-border-radius-top-right:0px;--awb-border-radius-bottom-right:0px;--awb-border-radius-bottom-left:0px;--awb-flex-wrap:wrap;\" ><div class=\"fusion-builder-row fusion-row fusion-flex-align-items-flex-start fusion-flex-content-wrap\" style=\"max-width:1456px;margin-left: calc(-4% \/ 2 );margin-right: calc(-4% \/ 2 );\"><div class=\"fusion-layout-column fusion_builder_column fusion-builder-column-0 fusion_builder_column_1_1 1_1 fusion-flex-column\" style=\"--awb-bg-size:cover;--awb-width-large:100%;--awb-margin-top-large:0px;--awb-spacing-right-large:1.92%;--awb-margin-bottom-large:20px;--awb-spacing-left-large:1.92%;--awb-width-medium:100%;--awb-order-medium:0;--awb-spacing-right-medium:1.92%;--awb-spacing-left-medium:1.92%;--awb-width-small:100%;--awb-order-small:0;--awb-spacing-right-small:1.92%;--awb-spacing-left-small:1.92%;\"><div class=\"fusion-column-wrapper fusion-column-has-shadow fusion-flex-justify-content-flex-start fusion-content-layout-column\"><div class=\"fusion-title title fusion-title-1 fusion-sep-none fusion-title-text fusion-title-size-two\" style=\"--awb-text-color:var(--awb-color8);\"><h2 class=\"fusion-title-heading title-heading-left\" style=\"margin:0;\"><strong id=\"id-13\">Generaciones Fotovoltaicas de La Mancha<\/strong>\u00a0a pris part au\u00a0<strong id=\"id-14\">VIe Congr\u00e8s International TuComex<\/strong>, sous le th\u00e8me &lsquo;Institutions pour l&rsquo;Internationalisation&rsquo;, qui se d\u00e9roule \u00e0 <strong id=\"id-15\">Bruxelles<\/strong>\u00a0les 12 et 13 mars, avec la participation de la Commission europ\u00e9enne.<\/h2><\/div><div class=\"fusion-text fusion-text-1\" style=\"--awb-font-size:16px;--awb-text-font-family:&quot;Poppins&quot;;--awb-text-font-style:normal;--awb-text-font-weight:400;\"><p id=\"id-3\">Cette sixi\u00e8me \u00e9dition du Congr\u00e8s International TuComex s&rsquo;adressait aux entreprises internationales op\u00e9rant en Espagne, aux Associations d&rsquo;Exportateurs et Clusters, ainsi qu&rsquo;aux Institutions Internationales, principalement aux exportateurs et importateurs espagnols de biens et de services.<\/p>\n<p id=\"id-4\">Javier Bustos, PDG de GFM, a repr\u00e9sent\u00e9 l&rsquo;entit\u00e9 dans le\u00a0<strong id=\"id-5\">Secteur de l&rsquo;\u00c9nergie Renouvelable et de la Transition Verte<\/strong>, en intervenant lors du \u00ab Welcome Coffee \u00bb, dans le bloc consacr\u00e9 \u00e0 la \u00ab R\u00e9silience Strat\u00e9gique \u00bb, qui s&rsquo;est tenu ce jeudi 12 mars.<\/p>\n<p id=\"id-6\">Pour cl\u00f4turer cette premi\u00e8re journ\u00e9e, a eu lieu la remise des Prix TuComex 2025, au cours de laquelle M. Bustos a \u00e9t\u00e9 r\u00e9compens\u00e9 en tant que \u00ab\u00a0<strong id=\"id-7\">Professionnel de l&rsquo;Ann\u00e9e en Comex<\/strong>\u00a0\u00bb.<\/p>\n<p id=\"id-8\">F\u00e9licitations pour cette reconnaissance !<\/p>\n<\/div><div class=\"awb-gallery-wrapper awb-gallery-wrapper-1 button-span-no\" style=\"--more-btn-alignment:center;\"><div style=\"margin:-5px;--awb-bordersize:0px;\" class=\"fusion-gallery fusion-gallery-container fusion-grid-3 fusion-columns-total-3 fusion-gallery-layout-grid fusion-gallery-1\"><div style=\"padding:5px;\" class=\"fusion-grid-column fusion-gallery-column fusion-gallery-column-3 hover-type-none\"><div class=\"fusion-gallery-image\"><a href=\"https:\/\/www.gfmfotovoltaica.com\/wp-content\/uploads\/2026\/03\/WhatsApp-Image-2026-03-12-at-18.32.15.jpeg\" rel=\"noreferrer\" data-rel=\"iLightbox[gallery_image_1]\" class=\"fusion-lightbox\" target=\"_self\"><img decoding=\"async\" src=\"https:\/\/www.gfmfotovoltaica.com\/wp-content\/uploads\/2026\/03\/WhatsApp-Image-2026-03-12-at-18.32.15.jpeg\" data-orig-src=\"https:\/\/www.gfmfotovoltaica.com\/wp-content\/uploads\/2026\/03\/WhatsApp-Image-2026-03-12-at-18.32.15.jpeg\" width=\"2048\" height=\"1536\" alt=\"\" title=\"WhatsApp Image 2026-03-12 at 18.32.15\" aria-label=\"WhatsApp Image 2026-03-12 at 18.32.15\" class=\"lazyload img-responsive wp-image-6188\" srcset=\"data:image\/svg+xml,%3Csvg%20xmlns%3D%27http%3A%2F%2Fwww.w3.org%2F2000%2Fsvg%27%20width%3D%272048%27%20height%3D%271536%27%20viewBox%3D%270%200%202048%201536%27%3E%3Crect%20width%3D%272048%27%20height%3D%271536%27%20fill-opacity%3D%220%22%2F%3E%3C%2Fsvg%3E\" data-srcset=\"https:\/\/www.gfmfotovoltaica.com\/wp-content\/uploads\/2026\/03\/WhatsApp-Image-2026-03-12-at-18.32.15-200x150.jpeg 200w, https:\/\/www.gfmfotovoltaica.com\/wp-content\/uploads\/2026\/03\/WhatsApp-Image-2026-03-12-at-18.32.15-400x300.jpeg 400w, https:\/\/www.gfmfotovoltaica.com\/wp-content\/uploads\/2026\/03\/WhatsApp-Image-2026-03-12-at-18.32.15-600x450.jpeg 600w, https:\/\/www.gfmfotovoltaica.com\/wp-content\/uploads\/2026\/03\/WhatsApp-Image-2026-03-12-at-18.32.15-800x600.jpeg 800w, https:\/\/www.gfmfotovoltaica.com\/wp-content\/uploads\/2026\/03\/WhatsApp-Image-2026-03-12-at-18.32.15-1200x900.jpeg 1200w, https:\/\/www.gfmfotovoltaica.com\/wp-content\/uploads\/2026\/03\/WhatsApp-Image-2026-03-12-at-18.32.15.jpeg 2048w\" data-sizes=\"auto\" data-orig-sizes=\"(min-width: 2200px) 100vw, (min-width: 784px) 463px, (min-width: 712px) 695px, (min-width: 640px) 712px, \" \/><\/a><\/div><\/div><div style=\"padding:5px;\" class=\"fusion-grid-column fusion-gallery-column fusion-gallery-column-3 hover-type-none\"><div class=\"fusion-gallery-image\"><a href=\"https:\/\/www.gfmfotovoltaica.com\/wp-content\/uploads\/2026\/03\/WhatsApp-Image-2026-03-12-at-18.49.41.jpeg\" rel=\"noreferrer\" data-rel=\"iLightbox[gallery_image_1]\" class=\"fusion-lightbox\" target=\"_self\"><img decoding=\"async\" src=\"https:\/\/www.gfmfotovoltaica.com\/wp-content\/uploads\/2026\/03\/WhatsApp-Image-2026-03-12-at-18.49.41.jpeg\" data-orig-src=\"https:\/\/www.gfmfotovoltaica.com\/wp-content\/uploads\/2026\/03\/WhatsApp-Image-2026-03-12-at-18.49.41.jpeg\" width=\"1536\" height=\"2048\" alt=\"\" title=\"WhatsApp Image 2026-03-12 at 18.49.41\" aria-label=\"WhatsApp Image 2026-03-12 at 18.49.41\" class=\"lazyload img-responsive wp-image-6191\" srcset=\"data:image\/svg+xml,%3Csvg%20xmlns%3D%27http%3A%2F%2Fwww.w3.org%2F2000%2Fsvg%27%20width%3D%271536%27%20height%3D%272048%27%20viewBox%3D%270%200%201536%202048%27%3E%3Crect%20width%3D%271536%27%20height%3D%272048%27%20fill-opacity%3D%220%22%2F%3E%3C%2Fsvg%3E\" data-srcset=\"https:\/\/www.gfmfotovoltaica.com\/wp-content\/uploads\/2026\/03\/WhatsApp-Image-2026-03-12-at-18.49.41-200x267.jpeg 200w, https:\/\/www.gfmfotovoltaica.com\/wp-content\/uploads\/2026\/03\/WhatsApp-Image-2026-03-12-at-18.49.41-400x533.jpeg 400w, https:\/\/www.gfmfotovoltaica.com\/wp-content\/uploads\/2026\/03\/WhatsApp-Image-2026-03-12-at-18.49.41-600x800.jpeg 600w, https:\/\/www.gfmfotovoltaica.com\/wp-content\/uploads\/2026\/03\/WhatsApp-Image-2026-03-12-at-18.49.41-800x1067.jpeg 800w, https:\/\/www.gfmfotovoltaica.com\/wp-content\/uploads\/2026\/03\/WhatsApp-Image-2026-03-12-at-18.49.41-1200x1600.jpeg 1200w, https:\/\/www.gfmfotovoltaica.com\/wp-content\/uploads\/2026\/03\/WhatsApp-Image-2026-03-12-at-18.49.41.jpeg 1536w\" data-sizes=\"auto\" data-orig-sizes=\"(min-width: 2200px) 100vw, (min-width: 784px) 463px, (min-width: 712px) 695px, (min-width: 640px) 712px, \" \/><\/a><\/div><\/div><div style=\"padding:5px;\" class=\"fusion-grid-column fusion-gallery-column fusion-gallery-column-3 hover-type-none\"><div class=\"fusion-gallery-image\"><a href=\"https:\/\/www.gfmfotovoltaica.com\/wp-content\/uploads\/2026\/03\/WhatsApp-Image-2026-03-12-at-18.30.23.jpeg\" rel=\"noreferrer\" data-rel=\"iLightbox[gallery_image_1]\" class=\"fusion-lightbox\" target=\"_self\"><img decoding=\"async\" src=\"https:\/\/www.gfmfotovoltaica.com\/wp-content\/uploads\/2026\/03\/WhatsApp-Image-2026-03-12-at-18.30.23.jpeg\" data-orig-src=\"https:\/\/www.gfmfotovoltaica.com\/wp-content\/uploads\/2026\/03\/WhatsApp-Image-2026-03-12-at-18.30.23.jpeg\" width=\"1600\" height=\"1200\" alt=\"\" title=\"WhatsApp Image 2026-03-12 at 18.30.23\" aria-label=\"WhatsApp Image 2026-03-12 at 18.30.23\" class=\"lazyload img-responsive wp-image-6185\" srcset=\"data:image\/svg+xml,%3Csvg%20xmlns%3D%27http%3A%2F%2Fwww.w3.org%2F2000%2Fsvg%27%20width%3D%271600%27%20height%3D%271200%27%20viewBox%3D%270%200%201600%201200%27%3E%3Crect%20width%3D%271600%27%20height%3D%271200%27%20fill-opacity%3D%220%22%2F%3E%3C%2Fsvg%3E\" data-srcset=\"https:\/\/www.gfmfotovoltaica.com\/wp-content\/uploads\/2026\/03\/WhatsApp-Image-2026-03-12-at-18.30.23-200x150.jpeg 200w, https:\/\/www.gfmfotovoltaica.com\/wp-content\/uploads\/2026\/03\/WhatsApp-Image-2026-03-12-at-18.30.23-400x300.jpeg 400w, https:\/\/www.gfmfotovoltaica.com\/wp-content\/uploads\/2026\/03\/WhatsApp-Image-2026-03-12-at-18.30.23-600x450.jpeg 600w, https:\/\/www.gfmfotovoltaica.com\/wp-content\/uploads\/2026\/03\/WhatsApp-Image-2026-03-12-at-18.30.23-800x600.jpeg 800w, https:\/\/www.gfmfotovoltaica.com\/wp-content\/uploads\/2026\/03\/WhatsApp-Image-2026-03-12-at-18.30.23-1200x900.jpeg 1200w, https:\/\/www.gfmfotovoltaica.com\/wp-content\/uploads\/2026\/03\/WhatsApp-Image-2026-03-12-at-18.30.23.jpeg 1600w\" data-sizes=\"auto\" data-orig-sizes=\"(min-width: 2200px) 100vw, (min-width: 784px) 463px, (min-width: 712px) 695px, (min-width: 640px) 712px, \" \/><\/a><\/div><\/div><div class=\"clearfix\"><\/div><\/div><\/div><\/div><\/div><\/div><\/div>\n","protected":false},"excerpt":{"rendered":"","protected":false},"author":7,"featured_media":6188,"comment_status":"open","ping_status":"open","sticky":false,"template":"","format":"standard","meta":{"footnotes":""},"categories":[108,128,110,140],"tags":[],"class_list":["post-6199","post","type-post","status-publish","format-standard","has-post-thumbnail","hentry","category-energies-renouvelables","category-gfm-3","category-prix","category-tucomex"],"yoast_head":"<!-- This site is optimized with the Yoast SEO plugin v27.2 - https:\/\/yoast.com\/product\/yoast-seo-wordpress\/ -->\n<title>Javier Bustos re\u00e7oit le Prix &#039;Professionnel de l&#039;Ann\u00e9e en Comex&#039; lors du VIe Congr\u00e8s International TuComex \u00e0 Bruxelles - GFM Fotovoltaica<\/title>\n<meta name=\"description\" content=\"Javier Bustos re\u00e7oit le Prix \u00ab Professionnel de l&#039;Ann\u00e9e en Comex \u00bb lors du VIe Congr\u00e8s International TuComex \u00e0 Bruxelles\" \/>\n<meta name=\"robots\" content=\"index, follow, max-snippet:-1, max-image-preview:large, max-video-preview:-1\" \/>\n<link rel=\"canonical\" href=\"https:\/\/www.gfmfotovoltaica.com\/fr\/bloguer\/javier-bustos-recoit-le-prix-professionnel-de-lannee-en-comex-lors-du-vie-congres-international-tucomex-a-bruxelles\/\" \/>\n<meta property=\"og:locale\" content=\"fr_FR\" \/>\n<meta property=\"og:type\" content=\"article\" \/>\n<meta property=\"og:title\" content=\"Javier Bustos re\u00e7oit le Prix &#039;Professionnel de l&#039;Ann\u00e9e en Comex&#039; lors du VIe Congr\u00e8s International TuComex \u00e0 Bruxelles - GFM Fotovoltaica\" \/>\n<meta property=\"og:description\" content=\"Javier Bustos re\u00e7oit le Prix \u00ab Professionnel de l&#039;Ann\u00e9e en Comex \u00bb lors du VIe Congr\u00e8s International TuComex \u00e0 Bruxelles\" \/>\n<meta property=\"og:url\" content=\"https:\/\/www.gfmfotovoltaica.com\/fr\/bloguer\/javier-bustos-recoit-le-prix-professionnel-de-lannee-en-comex-lors-du-vie-congres-international-tucomex-a-bruxelles\/\" \/>\n<meta property=\"og:site_name\" content=\"GFM Fotovoltaica\" \/>\n<meta property=\"article:published_time\" content=\"2026-03-13T11:17:26+00:00\" \/>\n<meta property=\"og:image\" content=\"https:\/\/www.gfmfotovoltaica.com\/wp-content\/uploads\/2026\/03\/WhatsApp-Image-2026-03-12-at-18.32.15.jpeg\" \/>\n\t<meta property=\"og:image:width\" content=\"2048\" \/>\n\t<meta property=\"og:image:height\" content=\"1536\" \/>\n\t<meta property=\"og:image:type\" content=\"image\/jpeg\" \/>\n<meta name=\"author\" content=\"gfmfotovoltaica\" \/>\n<meta name=\"twitter:card\" content=\"summary_large_image\" \/>\n<meta name=\"twitter:label1\" content=\"\u00c9crit par\" \/>\n\t<meta name=\"twitter:data1\" content=\"gfmfotovoltaica\" \/>\n\t<meta name=\"twitter:label2\" content=\"Dur\u00e9e de lecture estim\u00e9e\" \/>\n\t<meta name=\"twitter:data2\" content=\"2 minutes\" \/>\n<script type=\"application\/ld+json\" class=\"yoast-schema-graph\">{\"@context\":\"https:\/\/schema.org\",\"@graph\":[{\"@type\":\"Article\",\"@id\":\"https:\/\/www.gfmfotovoltaica.com\/fr\/bloguer\/javier-bustos-recoit-le-prix-professionnel-de-lannee-en-comex-lors-du-vie-congres-international-tucomex-a-bruxelles\/#article\",\"isPartOf\":{\"@id\":\"https:\/\/www.gfmfotovoltaica.com\/fr\/bloguer\/javier-bustos-recoit-le-prix-professionnel-de-lannee-en-comex-lors-du-vie-congres-international-tucomex-a-bruxelles\/\"},\"author\":{\"name\":\"gfmfotovoltaica\",\"@id\":\"https:\/\/www.gfmfotovoltaica.com\/fr\/#\/schema\/person\/938c415b4d044ae727749a5c1d51c6fb\"},\"headline\":\"Javier Bustos re\u00e7oit le Prix &lsquo;Professionnel de l&rsquo;Ann\u00e9e en Comex&rsquo; lors du VIe Congr\u00e8s International TuComex \u00e0 Bruxelles\",\"datePublished\":\"2026-03-13T11:17:26+00:00\",\"mainEntityOfPage\":{\"@id\":\"https:\/\/www.gfmfotovoltaica.com\/fr\/bloguer\/javier-bustos-recoit-le-prix-professionnel-de-lannee-en-comex-lors-du-vie-congres-international-tucomex-a-bruxelles\/\"},\"wordCount\":1740,\"commentCount\":0,\"publisher\":{\"@id\":\"https:\/\/www.gfmfotovoltaica.com\/fr\/#organization\"},\"image\":{\"@id\":\"https:\/\/www.gfmfotovoltaica.com\/fr\/bloguer\/javier-bustos-recoit-le-prix-professionnel-de-lannee-en-comex-lors-du-vie-congres-international-tucomex-a-bruxelles\/#primaryimage\"},\"thumbnailUrl\":\"https:\/\/www.gfmfotovoltaica.com\/wp-content\/uploads\/2026\/03\/WhatsApp-Image-2026-03-12-at-18.32.15.jpeg\",\"articleSection\":[\"\u00c9nergies renouvelables\",\"GFM\",\"Prix\",\"TuComex\"],\"inLanguage\":\"fr-FR\",\"potentialAction\":[{\"@type\":\"CommentAction\",\"name\":\"Comment\",\"target\":[\"https:\/\/www.gfmfotovoltaica.com\/fr\/bloguer\/javier-bustos-recoit-le-prix-professionnel-de-lannee-en-comex-lors-du-vie-congres-international-tucomex-a-bruxelles\/#respond\"]}]},{\"@type\":\"WebPage\",\"@id\":\"https:\/\/www.gfmfotovoltaica.com\/fr\/bloguer\/javier-bustos-recoit-le-prix-professionnel-de-lannee-en-comex-lors-du-vie-congres-international-tucomex-a-bruxelles\/\",\"url\":\"https:\/\/www.gfmfotovoltaica.com\/fr\/bloguer\/javier-bustos-recoit-le-prix-professionnel-de-lannee-en-comex-lors-du-vie-congres-international-tucomex-a-bruxelles\/\",\"name\":\"Javier Bustos re\u00e7oit le Prix 'Professionnel de l'Ann\u00e9e en Comex' lors du VIe Congr\u00e8s International TuComex \u00e0 Bruxelles - GFM Fotovoltaica\",\"isPartOf\":{\"@id\":\"https:\/\/www.gfmfotovoltaica.com\/fr\/#website\"},\"primaryImageOfPage\":{\"@id\":\"https:\/\/www.gfmfotovoltaica.com\/fr\/bloguer\/javier-bustos-recoit-le-prix-professionnel-de-lannee-en-comex-lors-du-vie-congres-international-tucomex-a-bruxelles\/#primaryimage\"},\"image\":{\"@id\":\"https:\/\/www.gfmfotovoltaica.com\/fr\/bloguer\/javier-bustos-recoit-le-prix-professionnel-de-lannee-en-comex-lors-du-vie-congres-international-tucomex-a-bruxelles\/#primaryimage\"},\"thumbnailUrl\":\"https:\/\/www.gfmfotovoltaica.com\/wp-content\/uploads\/2026\/03\/WhatsApp-Image-2026-03-12-at-18.32.15.jpeg\",\"datePublished\":\"2026-03-13T11:17:26+00:00\",\"description\":\"Javier Bustos re\u00e7oit le Prix \u00ab Professionnel de l'Ann\u00e9e en Comex \u00bb lors du VIe Congr\u00e8s International TuComex \u00e0 Bruxelles\",\"breadcrumb\":{\"@id\":\"https:\/\/www.gfmfotovoltaica.com\/fr\/bloguer\/javier-bustos-recoit-le-prix-professionnel-de-lannee-en-comex-lors-du-vie-congres-international-tucomex-a-bruxelles\/#breadcrumb\"},\"inLanguage\":\"fr-FR\",\"potentialAction\":[{\"@type\":\"ReadAction\",\"target\":[\"https:\/\/www.gfmfotovoltaica.com\/fr\/bloguer\/javier-bustos-recoit-le-prix-professionnel-de-lannee-en-comex-lors-du-vie-congres-international-tucomex-a-bruxelles\/\"]}]},{\"@type\":\"ImageObject\",\"inLanguage\":\"fr-FR\",\"@id\":\"https:\/\/www.gfmfotovoltaica.com\/fr\/bloguer\/javier-bustos-recoit-le-prix-professionnel-de-lannee-en-comex-lors-du-vie-congres-international-tucomex-a-bruxelles\/#primaryimage\",\"url\":\"https:\/\/www.gfmfotovoltaica.com\/wp-content\/uploads\/2026\/03\/WhatsApp-Image-2026-03-12-at-18.32.15.jpeg\",\"contentUrl\":\"https:\/\/www.gfmfotovoltaica.com\/wp-content\/uploads\/2026\/03\/WhatsApp-Image-2026-03-12-at-18.32.15.jpeg\",\"width\":2048,\"height\":1536},{\"@type\":\"BreadcrumbList\",\"@id\":\"https:\/\/www.gfmfotovoltaica.com\/fr\/bloguer\/javier-bustos-recoit-le-prix-professionnel-de-lannee-en-comex-lors-du-vie-congres-international-tucomex-a-bruxelles\/#breadcrumb\",\"itemListElement\":[{\"@type\":\"ListItem\",\"position\":1,\"name\":\"Portada\",\"item\":\"https:\/\/www.gfmfotovoltaica.com\/fr\/\"},{\"@type\":\"ListItem\",\"position\":2,\"name\":\"Javier Bustos re\u00e7oit le Prix &#8216;Professionnel de l&#8217;Ann\u00e9e en Comex&#8217; lors du VIe Congr\u00e8s International TuComex \u00e0 Bruxelles\"}]},{\"@type\":\"WebSite\",\"@id\":\"https:\/\/www.gfmfotovoltaica.com\/fr\/#website\",\"url\":\"https:\/\/www.gfmfotovoltaica.com\/fr\/\",\"name\":\"gfmfotovoltaica.com\",\"description\":\"Autoconsumo e Innovaci\u00f3n\",\"publisher\":{\"@id\":\"https:\/\/www.gfmfotovoltaica.com\/fr\/#organization\"},\"potentialAction\":[{\"@type\":\"SearchAction\",\"target\":{\"@type\":\"EntryPoint\",\"urlTemplate\":\"https:\/\/www.gfmfotovoltaica.com\/fr\/?s={search_term_string}\"},\"query-input\":{\"@type\":\"PropertyValueSpecification\",\"valueRequired\":true,\"valueName\":\"search_term_string\"}}],\"inLanguage\":\"fr-FR\"},{\"@type\":\"Organization\",\"@id\":\"https:\/\/www.gfmfotovoltaica.com\/fr\/#organization\",\"name\":\"gfmfotovoltaica.com\",\"url\":\"https:\/\/www.gfmfotovoltaica.com\/fr\/\",\"logo\":{\"@type\":\"ImageObject\",\"inLanguage\":\"fr-FR\",\"@id\":\"https:\/\/www.gfmfotovoltaica.com\/fr\/#\/schema\/logo\/image\/\",\"url\":\"https:\/\/www.gfmfotovoltaica.com\/wp-content\/uploads\/2024\/09\/logo-gfm-desktop-opt.webp\",\"contentUrl\":\"https:\/\/www.gfmfotovoltaica.com\/wp-content\/uploads\/2024\/09\/logo-gfm-desktop-opt.webp\",\"width\":150,\"height\":59,\"caption\":\"gfmfotovoltaica.com\"},\"image\":{\"@id\":\"https:\/\/www.gfmfotovoltaica.com\/fr\/#\/schema\/logo\/image\/\"}},{\"@type\":\"Person\",\"@id\":\"https:\/\/www.gfmfotovoltaica.com\/fr\/#\/schema\/person\/938c415b4d044ae727749a5c1d51c6fb\",\"name\":\"gfmfotovoltaica\",\"image\":{\"@type\":\"ImageObject\",\"inLanguage\":\"fr-FR\",\"@id\":\"https:\/\/www.gfmfotovoltaica.com\/wp-content\/litespeed\/avatar\/53b0a8d72c280069d963e2819fe67142.jpg?ver=1777550771\",\"url\":\"https:\/\/www.gfmfotovoltaica.com\/wp-content\/litespeed\/avatar\/53b0a8d72c280069d963e2819fe67142.jpg?ver=1777550771\",\"contentUrl\":\"https:\/\/www.gfmfotovoltaica.com\/wp-content\/litespeed\/avatar\/53b0a8d72c280069d963e2819fe67142.jpg?ver=1777550771\",\"caption\":\"gfmfotovoltaica\"},\"url\":\"https:\/\/www.gfmfotovoltaica.com\/fr\/blog\/author\/gfmfotovoltaica\/\"}]}<\/script>\n<!-- \/ Yoast SEO plugin. -->","yoast_head_json":{"title":"Javier Bustos re\u00e7oit le Prix 'Professionnel de l'Ann\u00e9e en Comex' lors du VIe Congr\u00e8s International TuComex \u00e0 Bruxelles - GFM Fotovoltaica","description":"Javier Bustos re\u00e7oit le Prix \u00ab Professionnel de l'Ann\u00e9e en Comex \u00bb lors du VIe Congr\u00e8s International TuComex \u00e0 Bruxelles","robots":{"index":"index","follow":"follow","max-snippet":"max-snippet:-1","max-image-preview":"max-image-preview:large","max-video-preview":"max-video-preview:-1"},"canonical":"https:\/\/www.gfmfotovoltaica.com\/fr\/bloguer\/javier-bustos-recoit-le-prix-professionnel-de-lannee-en-comex-lors-du-vie-congres-international-tucomex-a-bruxelles\/","og_locale":"fr_FR","og_type":"article","og_title":"Javier Bustos re\u00e7oit le Prix 'Professionnel de l'Ann\u00e9e en Comex' lors du VIe Congr\u00e8s International TuComex \u00e0 Bruxelles - GFM Fotovoltaica","og_description":"Javier Bustos re\u00e7oit le Prix \u00ab Professionnel de l'Ann\u00e9e en Comex \u00bb lors du VIe Congr\u00e8s International TuComex \u00e0 Bruxelles","og_url":"https:\/\/www.gfmfotovoltaica.com\/fr\/bloguer\/javier-bustos-recoit-le-prix-professionnel-de-lannee-en-comex-lors-du-vie-congres-international-tucomex-a-bruxelles\/","og_site_name":"GFM Fotovoltaica","article_published_time":"2026-03-13T11:17:26+00:00","og_image":[{"width":2048,"height":1536,"url":"https:\/\/www.gfmfotovoltaica.com\/wp-content\/uploads\/2026\/03\/WhatsApp-Image-2026-03-12-at-18.32.15.jpeg","type":"image\/jpeg"}],"author":"gfmfotovoltaica","twitter_card":"summary_large_image","twitter_misc":{"\u00c9crit par":"gfmfotovoltaica","Dur\u00e9e de lecture estim\u00e9e":"2 minutes"},"schema":{"@context":"https:\/\/schema.org","@graph":[{"@type":"Article","@id":"https:\/\/www.gfmfotovoltaica.com\/fr\/bloguer\/javier-bustos-recoit-le-prix-professionnel-de-lannee-en-comex-lors-du-vie-congres-international-tucomex-a-bruxelles\/#article","isPartOf":{"@id":"https:\/\/www.gfmfotovoltaica.com\/fr\/bloguer\/javier-bustos-recoit-le-prix-professionnel-de-lannee-en-comex-lors-du-vie-congres-international-tucomex-a-bruxelles\/"},"author":{"name":"gfmfotovoltaica","@id":"https:\/\/www.gfmfotovoltaica.com\/fr\/#\/schema\/person\/938c415b4d044ae727749a5c1d51c6fb"},"headline":"Javier Bustos re\u00e7oit le Prix &lsquo;Professionnel de l&rsquo;Ann\u00e9e en Comex&rsquo; lors du VIe Congr\u00e8s International TuComex \u00e0 Bruxelles","datePublished":"2026-03-13T11:17:26+00:00","mainEntityOfPage":{"@id":"https:\/\/www.gfmfotovoltaica.com\/fr\/bloguer\/javier-bustos-recoit-le-prix-professionnel-de-lannee-en-comex-lors-du-vie-congres-international-tucomex-a-bruxelles\/"},"wordCount":1740,"commentCount":0,"publisher":{"@id":"https:\/\/www.gfmfotovoltaica.com\/fr\/#organization"},"image":{"@id":"https:\/\/www.gfmfotovoltaica.com\/fr\/bloguer\/javier-bustos-recoit-le-prix-professionnel-de-lannee-en-comex-lors-du-vie-congres-international-tucomex-a-bruxelles\/#primaryimage"},"thumbnailUrl":"https:\/\/www.gfmfotovoltaica.com\/wp-content\/uploads\/2026\/03\/WhatsApp-Image-2026-03-12-at-18.32.15.jpeg","articleSection":["\u00c9nergies renouvelables","GFM","Prix","TuComex"],"inLanguage":"fr-FR","potentialAction":[{"@type":"CommentAction","name":"Comment","target":["https:\/\/www.gfmfotovoltaica.com\/fr\/bloguer\/javier-bustos-recoit-le-prix-professionnel-de-lannee-en-comex-lors-du-vie-congres-international-tucomex-a-bruxelles\/#respond"]}]},{"@type":"WebPage","@id":"https:\/\/www.gfmfotovoltaica.com\/fr\/bloguer\/javier-bustos-recoit-le-prix-professionnel-de-lannee-en-comex-lors-du-vie-congres-international-tucomex-a-bruxelles\/","url":"https:\/\/www.gfmfotovoltaica.com\/fr\/bloguer\/javier-bustos-recoit-le-prix-professionnel-de-lannee-en-comex-lors-du-vie-congres-international-tucomex-a-bruxelles\/","name":"Javier Bustos re\u00e7oit le Prix 'Professionnel de l'Ann\u00e9e en Comex' lors du VIe Congr\u00e8s International TuComex \u00e0 Bruxelles - GFM Fotovoltaica","isPartOf":{"@id":"https:\/\/www.gfmfotovoltaica.com\/fr\/#website"},"primaryImageOfPage":{"@id":"https:\/\/www.gfmfotovoltaica.com\/fr\/bloguer\/javier-bustos-recoit-le-prix-professionnel-de-lannee-en-comex-lors-du-vie-congres-international-tucomex-a-bruxelles\/#primaryimage"},"image":{"@id":"https:\/\/www.gfmfotovoltaica.com\/fr\/bloguer\/javier-bustos-recoit-le-prix-professionnel-de-lannee-en-comex-lors-du-vie-congres-international-tucomex-a-bruxelles\/#primaryimage"},"thumbnailUrl":"https:\/\/www.gfmfotovoltaica.com\/wp-content\/uploads\/2026\/03\/WhatsApp-Image-2026-03-12-at-18.32.15.jpeg","datePublished":"2026-03-13T11:17:26+00:00","description":"Javier Bustos re\u00e7oit le Prix \u00ab Professionnel de l'Ann\u00e9e en Comex \u00bb lors du VIe Congr\u00e8s International TuComex \u00e0 Bruxelles","breadcrumb":{"@id":"https:\/\/www.gfmfotovoltaica.com\/fr\/bloguer\/javier-bustos-recoit-le-prix-professionnel-de-lannee-en-comex-lors-du-vie-congres-international-tucomex-a-bruxelles\/#breadcrumb"},"inLanguage":"fr-FR","potentialAction":[{"@type":"ReadAction","target":["https:\/\/www.gfmfotovoltaica.com\/fr\/bloguer\/javier-bustos-recoit-le-prix-professionnel-de-lannee-en-comex-lors-du-vie-congres-international-tucomex-a-bruxelles\/"]}]},{"@type":"ImageObject","inLanguage":"fr-FR","@id":"https:\/\/www.gfmfotovoltaica.com\/fr\/bloguer\/javier-bustos-recoit-le-prix-professionnel-de-lannee-en-comex-lors-du-vie-congres-international-tucomex-a-bruxelles\/#primaryimage","url":"https:\/\/www.gfmfotovoltaica.com\/wp-content\/uploads\/2026\/03\/WhatsApp-Image-2026-03-12-at-18.32.15.jpeg","contentUrl":"https:\/\/www.gfmfotovoltaica.com\/wp-content\/uploads\/2026\/03\/WhatsApp-Image-2026-03-12-at-18.32.15.jpeg","width":2048,"height":1536},{"@type":"BreadcrumbList","@id":"https:\/\/www.gfmfotovoltaica.com\/fr\/bloguer\/javier-bustos-recoit-le-prix-professionnel-de-lannee-en-comex-lors-du-vie-congres-international-tucomex-a-bruxelles\/#breadcrumb","itemListElement":[{"@type":"ListItem","position":1,"name":"Portada","item":"https:\/\/www.gfmfotovoltaica.com\/fr\/"},{"@type":"ListItem","position":2,"name":"Javier Bustos re\u00e7oit le Prix &#8216;Professionnel de l&#8217;Ann\u00e9e en Comex&#8217; lors du VIe Congr\u00e8s International TuComex \u00e0 Bruxelles"}]},{"@type":"WebSite","@id":"https:\/\/www.gfmfotovoltaica.com\/fr\/#website","url":"https:\/\/www.gfmfotovoltaica.com\/fr\/","name":"gfmfotovoltaica.com","description":"Autoconsumo e Innovaci\u00f3n","publisher":{"@id":"https:\/\/www.gfmfotovoltaica.com\/fr\/#organization"},"potentialAction":[{"@type":"SearchAction","target":{"@type":"EntryPoint","urlTemplate":"https:\/\/www.gfmfotovoltaica.com\/fr\/?s={search_term_string}"},"query-input":{"@type":"PropertyValueSpecification","valueRequired":true,"valueName":"search_term_string"}}],"inLanguage":"fr-FR"},{"@type":"Organization","@id":"https:\/\/www.gfmfotovoltaica.com\/fr\/#organization","name":"gfmfotovoltaica.com","url":"https:\/\/www.gfmfotovoltaica.com\/fr\/","logo":{"@type":"ImageObject","inLanguage":"fr-FR","@id":"https:\/\/www.gfmfotovoltaica.com\/fr\/#\/schema\/logo\/image\/","url":"https:\/\/www.gfmfotovoltaica.com\/wp-content\/uploads\/2024\/09\/logo-gfm-desktop-opt.webp","contentUrl":"https:\/\/www.gfmfotovoltaica.com\/wp-content\/uploads\/2024\/09\/logo-gfm-desktop-opt.webp","width":150,"height":59,"caption":"gfmfotovoltaica.com"},"image":{"@id":"https:\/\/www.gfmfotovoltaica.com\/fr\/#\/schema\/logo\/image\/"}},{"@type":"Person","@id":"https:\/\/www.gfmfotovoltaica.com\/fr\/#\/schema\/person\/938c415b4d044ae727749a5c1d51c6fb","name":"gfmfotovoltaica","image":{"@type":"ImageObject","inLanguage":"fr-FR","@id":"https:\/\/www.gfmfotovoltaica.com\/wp-content\/litespeed\/avatar\/53b0a8d72c280069d963e2819fe67142.jpg?ver=1777550771","url":"https:\/\/www.gfmfotovoltaica.com\/wp-content\/litespeed\/avatar\/53b0a8d72c280069d963e2819fe67142.jpg?ver=1777550771","contentUrl":"https:\/\/www.gfmfotovoltaica.com\/wp-content\/litespeed\/avatar\/53b0a8d72c280069d963e2819fe67142.jpg?ver=1777550771","caption":"gfmfotovoltaica"},"url":"https:\/\/www.gfmfotovoltaica.com\/fr\/blog\/author\/gfmfotovoltaica\/"}]}},"_links":{"self":[{"href":"https:\/\/www.gfmfotovoltaica.com\/fr\/wp-json\/wp\/v2\/posts\/6199","targetHints":{"allow":["GET"]}}],"collection":[{"href":"https:\/\/www.gfmfotovoltaica.com\/fr\/wp-json\/wp\/v2\/posts"}],"about":[{"href":"https:\/\/www.gfmfotovoltaica.com\/fr\/wp-json\/wp\/v2\/types\/post"}],"author":[{"embeddable":true,"href":"https:\/\/www.gfmfotovoltaica.com\/fr\/wp-json\/wp\/v2\/users\/7"}],"replies":[{"embeddable":true,"href":"https:\/\/www.gfmfotovoltaica.com\/fr\/wp-json\/wp\/v2\/comments?post=6199"}],"version-history":[{"count":1,"href":"https:\/\/www.gfmfotovoltaica.com\/fr\/wp-json\/wp\/v2\/posts\/6199\/revisions"}],"predecessor-version":[{"id":6200,"href":"https:\/\/www.gfmfotovoltaica.com\/fr\/wp-json\/wp\/v2\/posts\/6199\/revisions\/6200"}],"wp:featuredmedia":[{"embeddable":true,"href":"https:\/\/www.gfmfotovoltaica.com\/fr\/wp-json\/wp\/v2\/media\/6188"}],"wp:attachment":[{"href":"https:\/\/www.gfmfotovoltaica.com\/fr\/wp-json\/wp\/v2\/media?parent=6199"}],"wp:term":[{"taxonomy":"category","embeddable":true,"href":"https:\/\/www.gfmfotovoltaica.com\/fr\/wp-json\/wp\/v2\/categories?post=6199"},{"taxonomy":"post_tag","embeddable":true,"href":"https:\/\/www.gfmfotovoltaica.com\/fr\/wp-json\/wp\/v2\/tags?post=6199"}],"curies":[{"name":"wp","href":"https:\/\/api.w.org\/{rel}","templated":true}]}}